{"id":23397,"date":"2015-01-25T21:47:02","date_gmt":"2015-01-26T02:47:02","guid":{"rendered":"http:\/\/contraluzcucuta.co\/?p=23397"},"modified":"2015-01-27T21:09:36","modified_gmt":"2015-01-28T02:09:36","slug":"dia-de-los-amigos-fenalco-prepara-campana-para-el-14-de-marzo","status":"publish","type":"post","link":"https:\/\/contraluzcucuta.co\/?p=23397","title":{"rendered":"D\u00cdA DE LOS AMIGOS. \u00a0Fenalco prepara campa\u00f1a para el 14 de marzo"},"content":{"rendered":"<p><strong>C\u00daCUTA.-<\/strong> Fenalco prepara campa\u00f1a para celebraci\u00f3n del D\u00eda de los Amigos, el 14 de marzo. La Organizaci\u00f3n de las Naciones Unidas, en el 2011, dio a conocer la Resoluci\u00f3n 65\/275 en la que estipula la fecha para reconocer la relevancia e importancia de la amistad como sentimiento noble y valioso en la vida de los seres humanos.<\/p>\n<p>Los resultados de la celebraci\u00f3n en el 2014, se convierten en argumentos\u00a0 que incentivan\u00a0 el desarrollo de estrategias comerciales, con el fin de aumentar las ventas y la presencia de compradores. El a\u00f1o pasado, las ventas aumentaron entre el 20 y el 30 por ciento en comparaci\u00f3n con un d\u00eda normal. Destac\u00f3 el movimiento en restaurantes, almacenes,\u00a0 aparatos celulares y perfumer\u00edas.<\/p>\n<p>La amistad entre personas, pa\u00edses, culturas e individuos puede inspirar los esfuerzos de paz para construir puentes entre los pueblos. Basado en esta premisa, el gremio, hace tres a\u00f1os, inici\u00f3 la consolidaci\u00f3n de la fecha comercial por los beneficios que genera\u00a0 para la salud mental y fortalece el sentimiento de la amistad.<\/p>\n<p>Dados los resultados positivos de las versiones anteriores, se coordina en el pa\u00eds para que la fecha tenga efectos positivos en el comercio. La Federaci\u00f3n ha recomendado algunas acciones que posicionen definitivamente el d\u00eda.<\/p>\n<p>Fenalco propone las siguientes estrategias con el fin de aumentar los logros alcanzados en el 2014:<\/p>\n<p>1.- Desarrollar actividades que permitan conectar la marca\u00a0 de manera inesperada con la amistad y la celebraci\u00f3n de esta fecha.<\/p>\n<p>2.- Empoderar a los amigos que quieren quedar bien con un regalo.<\/p>\n<p>3.- No aprovechar solo la oportunidad del d\u00eda, sino sacarle provecho al mes.<\/p>\n<p>4.- Dise\u00f1ar promociones y apropiarse de la verdad acerca de la amistad.<\/p>\n<p>5.- Usar la campa\u00f1a de Fenalco.<\/p>\n<p>6.- Premiar a los que generen contenido en torno a la amistad.<\/p>\n<p>7.- Conectar atributos de la marca con la amistad y explotarlos en las redes sociales.<\/p>\n<p>8.- Premiar a los grupos de amigos que lleguen al punto de venta.<\/p>\n<p>9.- Construir una experiencia para amigos con m\u00fasica, concursos, juegos.<\/p>\n<p>10.- Incentivar a dar el producto o servicio de regalo a un amigo.<\/p>\n<p>11.- Dise\u00f1ar un producto-combo que solo se pueda disfrutar con amigos.<\/p>\n<p>12.- Aprovechar la amistad como veh\u00edculo de Responsabilidad Social Empresarial.<\/p>\n<p>Dados los segmentos de mercados a los que se pretende llegar, el gremio\u00a0 har\u00e1 invitaciones\u00a0 a colegios, universidades, grandes superficies, industria local, centros recreativos, restaurantes, bares,\u00a0 empresas de cuero y manufacturas, empresas de art\u00edculos para el hogar,\u00a0 joyeros, opini\u00f3n y medios de comunicaci\u00f3n para que se unan a la campa\u00f1a\u00a0 en la que existen diversas formas de\u00a0 lograr los objetivos comerciales.<\/p>\n<p>Se trata de aunar esfuerzos para entre todos darle valor\u00a0 a la fecha comercial que promete ser una de las m\u00e1s importantes en el primer semestre del a\u00f1o, despu\u00e9s de la celebraci\u00f3n de los d\u00edas de la Madre y del Padre.<\/p>\n<p><strong>\u00a0Foto:<a class=\"_ZR irc_hol\" style=\"color: #7d7d7d;\" href=\"https:\/\/www.google.com.co\/url?sa=i&amp;rct=j&amp;q=&amp;esrc=s&amp;source=images&amp;cd=&amp;cad=rja&amp;uact=8&amp;ved=0CAYQjB0&amp;url=http%3A%2F%2Fweddings.rochafotografia.com%2Fbodas-destino-consejos-para-una-boda-espectacular-fotografos-de-bodas%2F&amp;ei=GKrFVMT_JcypNovqgzA&amp;bvm=bv.84349003,d.eXY&amp;psig=AFQjCNFaMa_EhhzdWsRdv_ZQvnYXDThfMg&amp;ust=1422326393214856\" data-ved=\"0CAYQjB0\" data-href=\"http:\/\/weddings.rochafotografia.com\/bodas-destino-consejos-para-una-boda-espectacular-fotografos-de-bodas\/\"><span class=\"irc_ho\" dir=\"ltr\" style=\"color: #7d7d7d;\">weddings.rochafotografia.com<\/span><\/a><\/strong> <\/p>\n","protected":false},"excerpt":{"rendered":"<p>C\u00daCUTA.- Fenalco prepara campa\u00f1a para celebraci\u00f3n del D\u00eda de los Amigos, el 14 de marzo. La Organizaci\u00f3n de las Naciones Unidas, en el 2011, dio a conocer la Resoluci\u00f3n 65\/275 en la que estipula la fecha para reconocer la relevancia e importancia de la amistad como sentimiento noble y valioso en la vida de los &hellip;<\/p>\n","protected":false},"author":1,"featured_media":23398,"comment_status":"open","ping_status":"open","sticky":false,"template":"","format":"standard","meta":{"footnotes":""},"categories":[541,36],"tags":[2013,1526],"class_list":["post-23397","post","type-post","status-publish","format-standard","has-post-thumbnail","hentry","category-ciudad","category-la-voz-del-pueblo","tag-dia-de-los-amigos","tag-fenalco-norte-de-santander"],"_links":{"self":[{"href":"https:\/\/contraluzcucuta.co\/index.php?rest_route=\/wp\/v2\/posts\/23397","targetHints":{"allow":["GET"]}}],"collection":[{"href":"https:\/\/contraluzcucuta.co\/index.php?rest_route=\/wp\/v2\/posts"}],"about":[{"href":"https:\/\/contraluzcucuta.co\/index.php?rest_route=\/wp\/v2\/types\/post"}],"author":[{"embeddable":true,"href":"https:\/\/contraluzcucuta.co\/index.php?rest_route=\/wp\/v2\/users\/1"}],"replies":[{"embeddable":true,"href":"https:\/\/contraluzcucuta.co\/index.php?rest_route=%2Fwp%2Fv2%2Fcomments&post=23397"}],"version-history":[{"count":1,"href":"https:\/\/contraluzcucuta.co\/index.php?rest_route=\/wp\/v2\/posts\/23397\/revisions"}],"predecessor-version":[{"id":23399,"href":"https:\/\/contraluzcucuta.co\/index.php?rest_route=\/wp\/v2\/posts\/23397\/revisions\/23399"}],"wp:featuredmedia":[{"embeddable":true,"href":"https:\/\/contraluzcucuta.co\/index.php?rest_route=\/wp\/v2\/media\/23398"}],"wp:attachment":[{"href":"https:\/\/contraluzcucuta.co\/index.php?rest_route=%2Fwp%2Fv2%2Fmedia&parent=23397"}],"wp:term":[{"taxonomy":"category","embeddable":true,"href":"https:\/\/contraluzcucuta.co\/index.php?rest_route=%2Fwp%2Fv2%2Fcategories&post=23397"},{"taxonomy":"post_tag","embeddable":true,"href":"https:\/\/contraluzcucuta.co\/index.php?rest_route=%2Fwp%2Fv2%2Ftags&post=23397"}],"curies":[{"name":"wp","href":"https:\/\/api.w.org\/{rel}","templated":true}]}}