{"id":23394,"date":"2015-01-25T21:17:13","date_gmt":"2015-01-26T02:17:13","guid":{"rendered":"http:\/\/contraluzcucuta.co\/?p=23394"},"modified":"2015-01-27T21:08:50","modified_gmt":"2015-01-28T02:08:50","slug":"penitenciaria-de-cucuta-presos-buscan-instrumentos-para-armar-grupo-musical","status":"publish","type":"post","link":"https:\/\/contraluzcucuta.co\/?p=23394","title":{"rendered":"PENITENCIAR\u00cdA DE C\u00daCUTA. Presos buscan instrumentos para armar grupo musical"},"content":{"rendered":"<p><strong>C\u00daCUTA.-<\/strong> Veintisiete internos de la Penitenciar\u00eda de C\u00facuta tienen una agrupaci\u00f3n musical, pero no pueden tocar porque los instrumentos est\u00e1n en mal estado o \u00a0no los tienen. Entre las necesidades apremiantes est\u00e1 la concesi\u00f3n de dos acordeones, micr\u00f3fonos normales e inal\u00e1mbricos, plantas de amplificaci\u00f3n de sonido, cuatros, parlantes, consola, luces,\u00a0 arpa, capachos y bandolas. La idea es que el grupo crezca a 50 integrantes.<\/p>\n<p>El objetivo es resocializar a los internos y permitirles que a la salida del penal lo hagan con una profesi\u00f3n. El proyecto lleva tres a\u00f1os en el \u00a0aprendizaje de m\u00fasica y no suenan como deber\u00edan de sonar, porque algunos instrumentos est\u00e1n muy mal estado.<\/p>\n<p>El maestro y director de la orquesta es Jaime Eli\u00e9cer Moreno, dragoneante del Inpec. Con las u\u00f1as ha sacado a varios m\u00fasicos adelante y resocializ\u00e1ndolos para el bien de la comunidad. En la visita de los veedores ciudadanos a la c\u00e1rcel, los reclusos tocaron como pudieron los instrumentos.<\/p>\n<p>La alegr\u00eda que se les ve\u00eda en los ojos los llev\u00f3 a pensar en hacer oficialmente una recolecci\u00f3n de instrumentos musicales donados. La campa\u00f1a ha empezado por Facebook, Twitter y otras redes sociales, para motivar a amigos y contertulios para que entreguen los instrumentos que no usen. En dos semanas han regalado un arpa y pr\u00f3ximamente se entregar\u00e1 el amplificador para el bajo.<\/p>\n<p>Los veedores quieren ayudar a los internos a salir adelante, a resocializarse. El acordeonero cont\u00f3 que debe hacer mucha fuerza para manejar el instrumento, pues el aire se le sale por todos lados y no tienen contundencia las notas. &#8220;\u00bfSe imagina uno nuevo como sonar\u00eda? Qu\u00e9 pena, pero el sonido no es culpa m\u00eda&#8221;, dijo el m\u00fasico.<\/p>\n<p>Este hombre es un gran luchador y est\u00e1 arrepentido del mal que hizo. Ahora, solo quiere mejorar y en el aprendizaje lleva dos a\u00f1os largos. Reconoce que a\u00fan le falta mucho. En la Penitenciar\u00eda pasar\u00e1 otros tres a\u00f1os hasta cumplir la condena.<\/p>\n<p>Otro condenado es maestro de m\u00fasica llanera. La idea montar un segundo grupo folcl\u00f3rico nacional. Entre los instrumentos que solicita para cumplir ese anhelo est\u00e1n el arpa, cuatro, capachos, bandola y maracas. De esta manera se podr\u00edan manejar otros 50 aprendices. Para las mujeres no se ha podido organizar la ense\u00f1anza de instrumentos musicales, por la falta de equipos.<\/p>\n<p>Los veedores, encabezados por Jaime Uriel Mej\u00eda \u00c1lvarez (<a href=\"mailto:jaurme@hotmail.com\">jaurme@hotmail.com<\/a>) est\u00e1n pendientes de la respuesta a la solicitud. \u201cEstamos en capacidad de confirmar y cerciorarnos de que los instrumentos lleguen a su destino final en las aulas de m\u00fasica de la Modelo de C\u00facuta. Estaremos haci\u00e9ndoles el seguimiento para que esos equipos sean usados cabalmente y para el fin que se consiguieron\u201d.<\/p>\n<p>Si lo requieren o lo solicitan con gusto enviare fotos y videos de las entregas y de las presentaciones de este espectacular grupo.<\/p>\n<p><strong>Foto:\u00a0Jaime Uriel Mej\u00eda \u00c1lvarez<\/strong> <\/p>\n","protected":false},"excerpt":{"rendered":"<p>C\u00daCUTA.- Veintisiete internos de la Penitenciar\u00eda de C\u00facuta tienen una agrupaci\u00f3n musical, pero no pueden tocar porque los instrumentos est\u00e1n en mal estado o \u00a0no los tienen. Entre las necesidades apremiantes est\u00e1 la concesi\u00f3n de dos acordeones, micr\u00f3fonos normales e inal\u00e1mbricos, plantas de amplificaci\u00f3n de sonido, cuatros, parlantes, consola, luces,\u00a0 arpa, capachos y bandolas. La &hellip;<\/p>\n","protected":false},"author":1,"featured_media":23395,"comment_status":"open","ping_status":"open","sticky":false,"template":"","format":"standard","meta":{"footnotes":""},"categories":[541,36],"tags":[775,2012],"class_list":["post-23394","post","type-post","status-publish","format-standard","has-post-thumbnail","hentry","category-ciudad","category-la-voz-del-pueblo","tag-penitenciaria-de-cucuta","tag-veedurias-ciudadanas-movilidad-cucuta"],"_links":{"self":[{"href":"https:\/\/contraluzcucuta.co\/index.php?rest_route=\/wp\/v2\/posts\/23394","targetHints":{"allow":["GET"]}}],"collection":[{"href":"https:\/\/contraluzcucuta.co\/index.php?rest_route=\/wp\/v2\/posts"}],"about":[{"href":"https:\/\/contraluzcucuta.co\/index.php?rest_route=\/wp\/v2\/types\/post"}],"author":[{"embeddable":true,"href":"https:\/\/contraluzcucuta.co\/index.php?rest_route=\/wp\/v2\/users\/1"}],"replies":[{"embeddable":true,"href":"https:\/\/contraluzcucuta.co\/index.php?rest_route=%2Fwp%2Fv2%2Fcomments&post=23394"}],"version-history":[{"count":1,"href":"https:\/\/contraluzcucuta.co\/index.php?rest_route=\/wp\/v2\/posts\/23394\/revisions"}],"predecessor-version":[{"id":23396,"href":"https:\/\/contraluzcucuta.co\/index.php?rest_route=\/wp\/v2\/posts\/23394\/revisions\/23396"}],"wp:featuredmedia":[{"embeddable":true,"href":"https:\/\/contraluzcucuta.co\/index.php?rest_route=\/wp\/v2\/media\/23395"}],"wp:attachment":[{"href":"https:\/\/contraluzcucuta.co\/index.php?rest_route=%2Fwp%2Fv2%2Fmedia&parent=23394"}],"wp:term":[{"taxonomy":"category","embeddable":true,"href":"https:\/\/contraluzcucuta.co\/index.php?rest_route=%2Fwp%2Fv2%2Fcategories&post=23394"},{"taxonomy":"post_tag","embeddable":true,"href":"https:\/\/contraluzcucuta.co\/index.php?rest_route=%2Fwp%2Fv2%2Ftags&post=23394"}],"curies":[{"name":"wp","href":"https:\/\/api.w.org\/{rel}","templated":true}]}}