{"id":23383,"date":"2015-01-23T23:08:27","date_gmt":"2015-01-24T04:08:27","guid":{"rendered":"http:\/\/contraluzcucuta.co\/?p=23383"},"modified":"2015-01-23T23:08:27","modified_gmt":"2015-01-24T04:08:27","slug":"futbol-de-primera-cucuta-abre-en-la-liga-como-local-contra-junior","status":"publish","type":"post","link":"https:\/\/contraluzcucuta.co\/?p=23383","title":{"rendered":"F\u00daTBOL DE PRIMERA. C\u00facuta abre en la Liga como local contra J\u00fanior"},"content":{"rendered":"<p><strong>C\u00daCUTA.-<\/strong> C\u00facuta Deportivo abre fuegos en la Liga del F\u00fatbol Profesional Colombiano en calidad de local, el primero de febrero. J\u00fanior de Barranquilla ser\u00e1 el rival encargado de darle la bienvenida al once motil\u00f3n, luego de pasar el \u00faltimo a\u00f1o en la categor\u00eda de ascenso.<\/p>\n<p>El cuadro rojinegro obtuvo uno de los dos cupos ofrecidos por la Dimayor a los ocho equipos de la A que permanec\u00edan en la segunda divisi\u00f3n. En la lucha por llegar al grupo de los grandes dej\u00f3 en el camino a real Cartagena, Atl\u00e9tico Bucaramanga y Atl\u00e9tico Quind\u00edo. El paso se defini\u00f3 en la \u00faltima fecha, en un partido digno de una final.<\/p>\n<p>Los aficionados cucute\u00f1os se volcaron a recibir al elenco fronterizo y acompa\u00f1aron a directivos, cuerpo t\u00e9cnico y jugadores en una caravana desde el aeropuerto Camilo Daza hasta el estadio General Santander. En el escenario de la Diagonal Santander el alcalde Donamaris Ram\u00edrez les impuso la medalla al honor \u00a0deportivo.<\/p>\n<p>Tras el jolgorio y la algarab\u00eda por el retorno a la primera divisi\u00f3n, el gobernador Edgar D\u00edaz removi\u00f3 el asunto de la democratizaci\u00f3n del club. Este es un anhelo de vieja data que no se concretado en la ciudad por diversas razones. Muchos aficionados tienen acciones sin valor comercial.<\/p>\n<p>La Liga comenzar\u00e1 el primero de febrero y concluir\u00e1 el 17 de mayo. Ese d\u00eda \u00a0se conocer\u00e1n los ocho clasificados a la segunda instancia. Los hinchas motilones aguardan que el conjunto cucute\u00f1o est\u00e9 en ese selecto grupo. Las 20 fechas para el C\u00facuta Deportivo son las siguientes:<\/p>\n<p><strong>Fecha 1 (Febrero 1)<\/strong><\/p>\n<p>C\u00facuta-Junior<\/p>\n<p><strong>Fecha 2 (Febrero 8)<\/strong><\/p>\n<p>C\u00facuta- Millonarios<\/p>\n<p><strong>Fecha 3 (Febrero 11)<\/strong><\/p>\n<p>Patriotas- C\u00facuta<\/p>\n<p><strong>Fecha 4 (Febrero 15)<\/strong><\/p>\n<p>C\u00facuta- Once Caldas<\/p>\n<p><strong>Fecha 5 (Febrero 22)<\/strong><\/p>\n<p>Cortulu\u00e1- C\u00facuta<\/p>\n<p><strong>Fecha 6 (Febrero 25)<\/strong><\/p>\n<p>C\u00facuta- Jaguares<\/p>\n<p><strong>Fecha 7 (Marzo 1)<\/strong><\/p>\n<p>Nacional- C\u00facuta<\/p>\n<p><strong>Fecha 8 (Marzo 8)<\/strong><\/p>\n<p>C\u00facuta- Tolima<\/p>\n<p><strong>Fecha 9 (Marzo 11)<\/strong><\/p>\n<p>Equidad- C\u00facuta<\/p>\n<p><strong>Fecha 10 (Marzo 15)<\/strong><\/p>\n<p>C\u00facuta-Alianza Petrolera<\/p>\n<p><strong>Fecha 11 (Marzo 22)<\/strong><\/p>\n<p>C\u00facuta- Uniaut\u00f3noma<\/p>\n<p><strong>Fecha 12 (Marzo 29)<\/strong><\/p>\n<p>Alianza Petrolera- C\u00facuta<\/p>\n<p><strong>Fecha 13 (Abril 5)<\/strong><\/p>\n<p>C\u00facuta- Santa Fe<\/p>\n<p><strong>Fecha 14 (Abril 8)<\/strong><\/p>\n<p>Chic\u00f3- C\u00facuta<\/p>\n<p><strong>Fecha 15 (Abril 12)<\/strong><\/p>\n<p>C\u00facuta- \u00c1guilas<\/p>\n<p><strong>Fecha 16 (Abril 19)<\/strong><\/p>\n<p>Cali- C\u00facuta<\/p>\n<p><strong>Fecha 17 (Abril 26)<\/strong><\/p>\n<p>C\u00facuta- Envigado<\/p>\n<p><strong>Fecha 18 (Mayo 3)<\/strong><\/p>\n<p>DIM- C\u00facuta<\/p>\n<p><strong>Fecha 19 (Mayo 10)<\/strong><\/p>\n<p>C\u00facuta- Huila<\/p>\n<p><strong>Fecha 20 (Mayo 17)<\/strong><\/p>\n<p>Pasto- C\u00facuta<\/p>\n<p>Foto: DIANA BOTELLO<\/p>\n<p>&nbsp;<\/p>\n<p>&nbsp; <\/p>\n","protected":false},"excerpt":{"rendered":"<p>C\u00daCUTA.- C\u00facuta Deportivo abre fuegos en la Liga del F\u00fatbol Profesional Colombiano en calidad de local, el primero de febrero. J\u00fanior de Barranquilla ser\u00e1 el rival encargado de darle la bienvenida al once motil\u00f3n, luego de pasar el \u00faltimo a\u00f1o en la categor\u00eda de ascenso. El cuadro rojinegro obtuvo uno de los dos cupos ofrecidos &hellip;<\/p>\n","protected":false},"author":1,"featured_media":23385,"comment_status":"open","ping_status":"open","sticky":false,"template":"","format":"standard","meta":{"footnotes":""},"categories":[28],"tags":[1987,1396,301,2010],"class_list":["post-23383","post","type-post","status-publish","format-standard","has-post-thumbnail","hentry","category-vistazo-deportivo","tag-cucuta-deportivo-2015","tag-dimayor","tag-futbol-profesional-colombiano","tag-liga-aguila"],"_links":{"self":[{"href":"https:\/\/contraluzcucuta.co\/index.php?rest_route=\/wp\/v2\/posts\/23383","targetHints":{"allow":["GET"]}}],"collection":[{"href":"https:\/\/contraluzcucuta.co\/index.php?rest_route=\/wp\/v2\/posts"}],"about":[{"href":"https:\/\/contraluzcucuta.co\/index.php?rest_route=\/wp\/v2\/types\/post"}],"author":[{"embeddable":true,"href":"https:\/\/contraluzcucuta.co\/index.php?rest_route=\/wp\/v2\/users\/1"}],"replies":[{"embeddable":true,"href":"https:\/\/contraluzcucuta.co\/index.php?rest_route=%2Fwp%2Fv2%2Fcomments&post=23383"}],"version-history":[{"count":1,"href":"https:\/\/contraluzcucuta.co\/index.php?rest_route=\/wp\/v2\/posts\/23383\/revisions"}],"predecessor-version":[{"id":23386,"href":"https:\/\/contraluzcucuta.co\/index.php?rest_route=\/wp\/v2\/posts\/23383\/revisions\/23386"}],"wp:featuredmedia":[{"embeddable":true,"href":"https:\/\/contraluzcucuta.co\/index.php?rest_route=\/wp\/v2\/media\/23385"}],"wp:attachment":[{"href":"https:\/\/contraluzcucuta.co\/index.php?rest_route=%2Fwp%2Fv2%2Fmedia&parent=23383"}],"wp:term":[{"taxonomy":"category","embeddable":true,"href":"https:\/\/contraluzcucuta.co\/index.php?rest_route=%2Fwp%2Fv2%2Fcategories&post=23383"},{"taxonomy":"post_tag","embeddable":true,"href":"https:\/\/contraluzcucuta.co\/index.php?rest_route=%2Fwp%2Fv2%2Ftags&post=23383"}],"curies":[{"name":"wp","href":"https:\/\/api.w.org\/{rel}","templated":true}]}}