{"id":23380,"date":"2015-01-23T22:24:12","date_gmt":"2015-01-24T03:24:12","guid":{"rendered":"http:\/\/contraluzcucuta.co\/?p=23380"},"modified":"2015-01-25T21:52:45","modified_gmt":"2015-01-26T02:52:45","slug":"aeropuerto-camilo-daza-inconformidad-entre-arrendatarios-de-locales","status":"publish","type":"post","link":"https:\/\/contraluzcucuta.co\/?p=23380","title":{"rendered":"AEROPUERTO CAMILO DAZA. Inconformidad entre arrendatarios de locales"},"content":{"rendered":"<p><strong>C\u00daCUTA.-<\/strong> Mientras el vicepresidente Germ\u00e1n Vargas inicia hoy la firma del acta de inicio de obras en el aeropuerto Camilo Daza, en C\u00facuta, los propietarios de locales comerciales en la terminal a\u00e9rea se quejan por el cobro de tarifas que no deber\u00edan pagar. La reacci\u00f3n obedece al anuncio del consorcio Aeropuertos del Oriente de incluir en el canon de arrendamiento el costo de adecuaci\u00f3n de los cub\u00edculos.<\/p>\n<p>Desde el inicio de la remodelaci\u00f3n del aer\u00f3dromo local los comerciantes han protestado por diversas razones. Destacan el inconformismo por el tama\u00f1o de los locales y la incomodidad para trabajar. A pesar de las voces contrarias al proyecto, no los tuvieron en cuenta en el dise\u00f1o de los lugares de trabajo.<\/p>\n<p>El consorcio anunci\u00f3 que el costo de la adecuaci\u00f3n por cada una las \u00e1reas es de $ 12,6 millones, m\u00e1s lo correspondiente al IVA. \u201cDicho costo de adecuaci\u00f3n ser\u00e1 asumido por la concesi\u00f3n y se cobrar\u00e1 en el canon de arrendamiento\u201d, les comunic\u00f3 la representante legal Mariela Vergara.<\/p>\n<p>El anuncio no cay\u00f3 en gracia entre los comerciantes por cuanto la mensualidad es del orden del mill\u00f3n de pesos para cada local. El reparto de la cifra corresponde a $ 600.000 m\u00e1s IVA por arriendo y $ 400.000 m\u00e1s IVA por la adecuaci\u00f3n. Adem\u00e1s, se advierte que las mejoras son locativas no removibles.<\/p>\n<p>Los arrendatarios alegan que no son los llamados a pagar por la reparaci\u00f3n, porque los locales son propiedad de la Aerocivil y no les corresponde asumir esos gastos.<\/p>\n<p>En el documento conocido se expresa que la obra se hace \u201cpor mera liberalidad de concesionario\u201d, porque la obligaci\u00f3n contractual bajo la cual se tendr\u00eda que entregar el \u00e1rea no contempla la adecuaci\u00f3n total del \u00e1rea. En cambio, contempla los siguientes aspectos:<\/p>\n<p>1.- Piso. Porcelanato para tr\u00e1fico pesado<\/p>\n<p>2.- Muros. Instalaci\u00f3n de drywall y revistimiento de estuco<\/p>\n<p>3.- Cielo raso. Drywall de acuerdo con las especificaciones del dise\u00f1o arquitect\u00f3nico<\/p>\n<p>4.- Pintura. Se revestir\u00e1n los muros que se dejen.<\/p>\n<p>Los dem\u00e1s acabados obligatorios, que corresponden a iluminaci\u00f3n, aparatos el\u00e9ctricos, mobiliario y climatizaci\u00f3n, ser\u00e1n manejados por el tenedor del espacio de acuerdo con las especificaciones del dise\u00f1o arquitect\u00f3nico, aprobados por el concesionario y por la Aerocivil.<\/p>\n<p>Foto: www.contraluzcucuta.co <\/p>\n","protected":false},"excerpt":{"rendered":"<p>C\u00daCUTA.- Mientras el vicepresidente Germ\u00e1n Vargas inicia hoy la firma del acta de inicio de obras en el aeropuerto Camilo Daza, en C\u00facuta, los propietarios de locales comerciales en la terminal a\u00e9rea se quejan por el cobro de tarifas que no deber\u00edan pagar. La reacci\u00f3n obedece al anuncio del consorcio Aeropuertos del Oriente de incluir &hellip;<\/p>\n","protected":false},"author":1,"featured_media":23381,"comment_status":"open","ping_status":"open","sticky":false,"template":"","format":"standard","meta":{"footnotes":""},"categories":[541,36],"tags":[189],"class_list":["post-23380","post","type-post","status-publish","format-standard","has-post-thumbnail","hentry","category-ciudad","category-la-voz-del-pueblo","tag-aeropuerto-camilo-daza"],"_links":{"self":[{"href":"https:\/\/contraluzcucuta.co\/index.php?rest_route=\/wp\/v2\/posts\/23380","targetHints":{"allow":["GET"]}}],"collection":[{"href":"https:\/\/contraluzcucuta.co\/index.php?rest_route=\/wp\/v2\/posts"}],"about":[{"href":"https:\/\/contraluzcucuta.co\/index.php?rest_route=\/wp\/v2\/types\/post"}],"author":[{"embeddable":true,"href":"https:\/\/contraluzcucuta.co\/index.php?rest_route=\/wp\/v2\/users\/1"}],"replies":[{"embeddable":true,"href":"https:\/\/contraluzcucuta.co\/index.php?rest_route=%2Fwp%2Fv2%2Fcomments&post=23380"}],"version-history":[{"count":1,"href":"https:\/\/contraluzcucuta.co\/index.php?rest_route=\/wp\/v2\/posts\/23380\/revisions"}],"predecessor-version":[{"id":23382,"href":"https:\/\/contraluzcucuta.co\/index.php?rest_route=\/wp\/v2\/posts\/23380\/revisions\/23382"}],"wp:featuredmedia":[{"embeddable":true,"href":"https:\/\/contraluzcucuta.co\/index.php?rest_route=\/wp\/v2\/media\/23381"}],"wp:attachment":[{"href":"https:\/\/contraluzcucuta.co\/index.php?rest_route=%2Fwp%2Fv2%2Fmedia&parent=23380"}],"wp:term":[{"taxonomy":"category","embeddable":true,"href":"https:\/\/contraluzcucuta.co\/index.php?rest_route=%2Fwp%2Fv2%2Fcategories&post=23380"},{"taxonomy":"post_tag","embeddable":true,"href":"https:\/\/contraluzcucuta.co\/index.php?rest_route=%2Fwp%2Fv2%2Ftags&post=23380"}],"curies":[{"name":"wp","href":"https:\/\/api.w.org\/{rel}","templated":true}]}}