{"id":23365,"date":"2015-01-21T23:01:43","date_gmt":"2015-01-22T04:01:43","guid":{"rendered":"http:\/\/contraluzcucuta.co\/?p=23365"},"modified":"2015-01-23T22:29:29","modified_gmt":"2015-01-24T03:29:29","slug":"alcaldables-la-politica-es-la-mejor-relacion-con-la-religion-carlos-eduardo-hernandez","status":"publish","type":"post","link":"https:\/\/contraluzcucuta.co\/?p=23365","title":{"rendered":"ALCALDABLES. La pol\u00edtica es la\u00a0 mejor relaci\u00f3n con la religi\u00f3n: Carlos Eduardo Hern\u00e1ndez"},"content":{"rendered":"<p><strong>C\u00daCUTA.-<\/strong> Hace 52 a\u00f1os naci\u00f3 Carlos Eduardo Hern\u00e1ndez Mogoll\u00f3n, creci\u00f3 en una familia humilde\u00a0 en compa\u00f1\u00eda de cuatro hermanos menores y sus padres. Orientado por la visi\u00f3n de una madre\u00a0 emprendedora y capaz de salir adelante sin importar las adversidades, curs\u00f3 primaria y secundaria en el colegio La Salle, en C\u00facuta. \u00a0Ingres\u00f3 a \u00a0la Universidad Francisco de Paula Santander para estudiar ingenier\u00eda qu\u00edmica.<\/p>\n<p>Al \u00a0terminar cuarto semestre, la situaci\u00f3n econ\u00f3mica familiar impidi\u00f3 continuar la carrera. El padre lo \u00a0aconsej\u00f3, decidi\u00f3 seguirle los pasos en la contadur\u00eda\u00a0 p\u00fablica y se hizo profesional. La visi\u00f3n\u00a0 tom\u00f3 un rumbo profundo, sinti\u00f3 sed de mirar m\u00e1s all\u00e1 de un escritorio lleno de papeles y n\u00fameros.<\/p>\n<p>Tal vez las canas, sin\u00f3nimo de sabidur\u00eda, las que han permitido a este hombre analizar m\u00e1s lejos de lo que el ojo humano puede ver. Se form\u00f3 como ser humano visionario, lleno de capacidades, capaz de propiciar \u00a0nuevos aires de progreso en la ciudad natal para ayudar a\u00a0 los dem\u00e1s, y que es\u00a0 posible mediante la pol\u00edtica.<\/p>\n<p>En 1988, se cas\u00f3 con Carolina Rosal y formaron un \u00a0hogar con cuatro hijos, que les han dado dos nietos. Muestra humildad y la tranquilidad\u00a0 al hablar permite sentir ese amor visionario que lo ha forjado como hombre maduro,\u00a0 profesional y l\u00edder.<\/p>\n<p>Dio un paso para ser empresario pionero de la regi\u00f3n y dio a la luz\u00a0 varias microempresas. En \u00a01990, empez\u00f3 a trabajar en el sector comercial con las bases y las ense\u00f1anzas de la materia de mercadeo que hab\u00eda aprendido en la universidad.<\/p>\n<p>\u201cGracias a Dios estudi\u00e9 contadur\u00eda p\u00fablica, porque ense\u00f1a o estructura para ser organizado y llevar cuentas. Sobre todo, me llev\u00f3 a no sentarme detr\u00e1s de un escritorio\u201d. Ha formado 24 empresas en el pa\u00eds y las que lo impulsaron a entrar en agremiaciones. Despu\u00e9s de ser presidente departamental de Acopi ve natural el paso a la C\u00e1mara de Comercio de C\u00facuta por cuatro periodos. Luego, el pueblo lo eligi\u00f3 para la C\u00e1mara de Representantes sin haber tenido trayectoria pol\u00edtica.<\/p>\n<p>\u201cRecomiendo a todos, j\u00f3venes y adultos, hagan pol\u00edtica, lo mejor que le puede pasar a un ser humano es hacer pol\u00edtica. La dicha de poder servir a un pueblo es por medio de la pol\u00edtica. El equilibrio que necesita un pueblo debe \u00a0hacerse en la pol\u00edtica, por eso digo y recomiendo, hagan pol\u00edtica\u201d.<\/p>\n<p>Es de noche. Hay af\u00e1n por la espera del vuelo para viajar a Barranquilla. En un rinc\u00f3n del aeropuerto Camilo Daza a cada instante mira el reloj para comprobar la hora o para medir el tiempo que le queda en tierra. Esa prisa no se hace visible en la conversaci\u00f3n. El hablar sereno y melodioso lo llev\u00f3,\u00a0 paso a paso, a viajar por la historia personal.<\/p>\n<p>Cuatro Goliats \u00a0lo\u00a0 protegen con recelo y cuidado. No le pierden pisada. Frente a frente desborda con fluidez apasionada el amor y la fidelidad a Dios y la gente. Tal vez esa misma cualidad que lo hace \u00a0ser congresista de la rep\u00fablica, padre, esposo, abuelo y de nuevo estudiante.<\/p>\n<p>Carlos Eduardo afianza los conocimientos como estudiante de derecho, los fines de semana,\u00a0 en la Universidad de Santander, y entre semana\u00a0 se prepara en la maestr\u00eda en direcci\u00f3n y administraci\u00f3n de empresas, en Bogot\u00e1.<\/p>\n<p>La frase que no se cansa de repetir es \u201cDios es bueno, Dios es misericordioso, Dios es inmarcesible\u201d. Cree que la religi\u00f3n y la pol\u00edtica se combinan para ayudar a la gente y est\u00e1n ligadas\u201d. Hace 35 a\u00f1os es cristiano, credo que lo ha formado\u00a0 como hombre \u00edntegro, feliz y lleno de amor, un amor dado por la lucha social. La pol\u00edtica es la\u00a0 mejor relaci\u00f3n con la religi\u00f3n, es la verdadera b\u00fasqueda de la justicia. Ese amor encontrado en Dios lo \u00a0trasform\u00f3 en un guerrero\u00a0 representante de una comunidad\u00a0 entera que lo hace luchar por el bienestar de todos.<\/p>\n<p>El aspecto robusto y tranquilo se acompa\u00f1a de una voz gruesa y varonil. La \u00a0formalidad al hablar la corrobora con el lenguaje\u00a0 escogido con cuidado, pero entendible. Las palabras reflejan a\u00f1os de trayectoria y formaci\u00f3n. Las manos grandes y suaves al tacto son la puerta a la amabilidad.<\/p>\n<p>Lleg\u00f3 el punto en la noche en el que\u00a0 los\u00a0 ojos del congresista con coraza de Dios confesaron el amor por la pol\u00edtica, que define como buena, real y honesta. Esa que le da \u00e1nimos para continuar. Con honestidad y franqueza clasific\u00f3 a los pol\u00edticos que alberga el pa\u00eds: el inteligente, es el que \u00a0se beneficia del ejercicio y \u00a0beneficia a los dem\u00e1s; \u00a0el malo, que se beneficia mientras da\u00f1a a los dem\u00e1s; el inocente, que beneficia a los dem\u00e1s haci\u00e9ndose da\u00f1o, \u00a0y el imb\u00e9cil, que se hace da\u00f1o y da\u00f1a a los dem\u00e1s.<\/p>\n<p>La sonrisa aflora y dice que\u00a0 \u201csomos muchos los inteligentes. La pol\u00edtica es buena, porque es la \u00fanica forma de recoger el sentimiento de un pueblo y servirle a la gente. En definitiva, es lo mejor que me pudo haber pasado\u201d.<\/p>\n<p><strong>LAURA RODR\u00cdGIUEZ<\/strong><\/p>\n<p><strong>MARCELA RAM\u00cdREZ<\/strong><\/p>\n<p><strong>Estudiantes de Comunicaci\u00f3n Social<\/strong><\/p>\n<p><strong>Universidad de Pamplona<\/strong><\/p>\n<p><strong>Campus de Villa del Rosario<\/strong><\/p>\n<p><strong>\u00a0Foto:<a class=\"_ZR irc_hol\" style=\"font-weight: normal; color: #7d7d7d;\" href=\"https:\/\/www.google.com.co\/url?sa=i&amp;rct=j&amp;q=&amp;esrc=s&amp;source=images&amp;cd=&amp;cad=rja&amp;uact=8&amp;ved=0CAYQjB0&amp;url=http%3A%2F%2Fpamplona-nortedesantander.gov.co%2Fnoticias.shtml%3Fscrl%3D22%26apc%3Dccxx-88-%26scr_22_Go%3D87&amp;ei=BXbAVNvkCoe0ggTV4IDwBw&amp;bvm=bv.83829542,d.eXY&amp;psig=AFQjCNEn_J7rODlIqJgEo54mnF-mdxE5hA&amp;ust=1421985559921756\" data-ved=\"0CAYQjB0\" data-href=\"http:\/\/pamplona-nortedesantander.gov.co\/noticias.shtml?scrl=22&amp;apc=ccxx-88-&amp;scr_22_Go=87\"><span class=\"irc_ho\" dir=\"ltr\" style=\"color: #7d7d7d;\">pamplona-nortedesantander.gov.co<\/span><\/a><\/strong> <\/p>\n","protected":false},"excerpt":{"rendered":"<p>C\u00daCUTA.- Hace 52 a\u00f1os naci\u00f3 Carlos Eduardo Hern\u00e1ndez Mogoll\u00f3n, creci\u00f3 en una familia humilde\u00a0 en compa\u00f1\u00eda de cuatro hermanos menores y sus padres. Orientado por la visi\u00f3n de una madre\u00a0 emprendedora y capaz de salir adelante sin importar las adversidades, curs\u00f3 primaria y secundaria en el colegio La Salle, en C\u00facuta. \u00a0Ingres\u00f3 a \u00a0la Universidad &hellip;<\/p>\n","protected":false},"author":1,"featured_media":23366,"comment_status":"open","ping_status":"open","sticky":false,"template":"","format":"standard","meta":{"footnotes":""},"categories":[1728,403],"tags":[1689,2001],"class_list":["post-23365","post","type-post","status-publish","format-standard","has-post-thumbnail","hentry","category-alcaldables","category-efemerides","tag-alcaldables-de-cucuta","tag-carlos-eduardo-hernandez"],"_links":{"self":[{"href":"https:\/\/contraluzcucuta.co\/index.php?rest_route=\/wp\/v2\/posts\/23365","targetHints":{"allow":["GET"]}}],"collection":[{"href":"https:\/\/contraluzcucuta.co\/index.php?rest_route=\/wp\/v2\/posts"}],"about":[{"href":"https:\/\/contraluzcucuta.co\/index.php?rest_route=\/wp\/v2\/types\/post"}],"author":[{"embeddable":true,"href":"https:\/\/contraluzcucuta.co\/index.php?rest_route=\/wp\/v2\/users\/1"}],"replies":[{"embeddable":true,"href":"https:\/\/contraluzcucuta.co\/index.php?rest_route=%2Fwp%2Fv2%2Fcomments&post=23365"}],"version-history":[{"count":1,"href":"https:\/\/contraluzcucuta.co\/index.php?rest_route=\/wp\/v2\/posts\/23365\/revisions"}],"predecessor-version":[{"id":23367,"href":"https:\/\/contraluzcucuta.co\/index.php?rest_route=\/wp\/v2\/posts\/23365\/revisions\/23367"}],"wp:featuredmedia":[{"embeddable":true,"href":"https:\/\/contraluzcucuta.co\/index.php?rest_route=\/wp\/v2\/media\/23366"}],"wp:attachment":[{"href":"https:\/\/contraluzcucuta.co\/index.php?rest_route=%2Fwp%2Fv2%2Fmedia&parent=23365"}],"wp:term":[{"taxonomy":"category","embeddable":true,"href":"https:\/\/contraluzcucuta.co\/index.php?rest_route=%2Fwp%2Fv2%2Fcategories&post=23365"},{"taxonomy":"post_tag","embeddable":true,"href":"https:\/\/contraluzcucuta.co\/index.php?rest_route=%2Fwp%2Fv2%2Ftags&post=23365"}],"curies":[{"name":"wp","href":"https:\/\/api.w.org\/{rel}","templated":true}]}}