{"id":23331,"date":"2015-01-18T18:08:34","date_gmt":"2015-01-18T23:08:34","guid":{"rendered":"http:\/\/contraluzcucuta.co\/?p=23331"},"modified":"2015-01-19T20:33:04","modified_gmt":"2015-01-20T01:33:04","slug":"notas-al-margen-a-los-ojos-y-oidos-de-colombia-y-venezuela","status":"publish","type":"post","link":"https:\/\/contraluzcucuta.co\/?p=23331","title":{"rendered":"NOTAS AL MARGEN. A los ojos\u00a0 y o\u00eddos de Colombia y Venezuela"},"content":{"rendered":"<p>1.- La relaci\u00f3n entre Colombia y Venezuela es de tantos sustentos y factores de interrelaci\u00f3n que cualquier acci\u00f3n o conducta que atente, contrar\u00ede o produzca\u00a0 alteraci\u00f3n o da\u00f1o a los prop\u00f3sitos de uni\u00f3n y cooperaci\u00f3n que se gestaron desde la colonia y se consolidaron con la independencia, debe ser objeto\u00a0 de permanente atenci\u00f3n, porque cualquier indiferencia, dejadez\u00a0 o proliferaci\u00f3n de situaciones y hechos que deterioren o produzcan malestar en uno u otro lado de los l\u00edmites y las regiones que nos interconectan y proyectan, para enmendar, corregir o superar el error o concepto que haya producido malentendidos, reclamos o justo clamor reivindicatorio.<\/p>\n<p>Anotamos lo anterior, porque lo m\u00e1s il\u00f3gico, contraproducente\u00a0 y\u00a0 ajeno a la vocaci\u00f3n de estos pueblos\u00a0 hermanos lo constituir\u00eda el provocar barreras limitantes o la aceptaci\u00f3n de medidas que contradigan o hagan ileg\u00edtimo el\u00a0 compartir\u00a0 mutuo y la b\u00fasqueda\u00a0 de un mayor y mejor vivir para pobladores y descendientes.<\/p>\n<p>Adem\u00e1s, cuando se presentan situaciones complejas, dif\u00edciles\u00a0 y de amplio espectro \u2013como las que se registran en orden a diversos y m\u00faltiples causas que obligan a juicios y ex\u00e1menes claros y rigurosos, por las implicaciones que se prev\u00e9n puedan producir nuevos\u00a0 hechos o ampliar los existentes, esos nexos de\u00a0 historia, vecindad, complementaci\u00f3n y aprovechamiento de ventajas comparativas en lo social, econ\u00f3mico y pol\u00edtico, que diariamente advierte y se\u00f1ala la ubicaci\u00f3n\u00a0 geopol\u00edtica- el sentido de fraternidad, la identidad democr\u00e1tica y el esp\u00edritu de pertenencia, junto a la necesidad de no sucumbir, nos debe motivar para propiciar entendimientos, acuerdos,\u00a0 establecimiento de reales y pragm\u00e1ticas asistencias y coparticipaciones que fortalezcan la labor trasformadora y en conjunto, junto al\u00a0 desarrollo y vigencia\u00a0 de proyecciones positivas.<\/p>\n<p>2.- Con ese criterio, y porque la fuerza est\u00e1 en la uni\u00f3n y en la labor asociada, presencial y con visi\u00f3n hacia el futuro, resolviendo cuanto acontezca en el presente o pueda entorpecer el futuro, algunos amantes de estas tierras, llamadas a configurar un porvenir m\u00e1s pr\u00f3spero y halag\u00fce\u00f1o, reiteradamente hemos solicitado un encuentro binacional al m\u00e1s alto nivel\u00a0 y una mejor utilizaci\u00f3n de los recursos tanto humanos, como de toda la naturaleza, con el fin de crear fuentes de empleo; mejoramientos infraestructurales viales, f\u00e9rreos, a\u00e9reos y fluviales; capacitaciones; y definici\u00f3n de incentivos, est\u00edmulos, mecanismos\u00a0 y\u00a0 procedimientos o reglamentaciones especiales que hagan factible el irrumpir de una conciencia y gesti\u00f3n motora con\u00a0 m\u00e1s amplias perspectivas. Y para\u00a0 calificar a las dos naciones como art\u00edfices y vig\u00edas\u00a0 de la integraci\u00f3n futurista de Am\u00e9rica ante el mundo.<\/p>\n<p>3.- Por eso, y porque la liga que pueden provocar y llevar a efecto Colombia y Venezuela exige una acci\u00f3n inteligente y\u00a0 superior a las preocupaciones partidaristas o de grupo pol\u00edtico que trascienda en efectividad m\u00e1s all\u00e1 de los l\u00edmites\u00a0 y sirva de gu\u00eda y orientaci\u00f3n, para todos y sin excepciones, vivamente esperamos\u00a0 que para mayor firmeza del\u00a0 proceso de paz que tanto ans\u00eda Colombia y\u00a0 para que llegue a una feliz culminaci\u00f3n, tambi\u00e9n Colombia y Venezuela ratifiquen esa confianza\u00a0 que da vigor a la solidaridad, en un acto solemne y para que el ejemplo de esa fraternidad, se extienda y proyecte\u00a0 internacionalmente, para beneficio y ejemplo al planeta.<\/p>\n<p>\u00bfNo podr\u00eda el Complejo Hist\u00f3rico de Villa del Rosario ser la sede\u00a0 de los pr\u00f3ximos encuentros al m\u00e1s alto nivel\u00a0\u00a0 y el fiel guardi\u00e1n de las pol\u00edticas\u00a0 de Estado\u00a0 que\u00a0 se aprueben y establezcan?<\/p>\n<p><strong>JOS\u00c9 NEIRA REY<\/strong><\/p>\n<p><a href=\"mailto:jneirarey@hotmail.com\"><strong>jneirarey@hotmail.com<\/strong><\/a><\/p>\n<p><strong>Foto: culturayturismoencucuta.blogspot.com<\/strong><\/p>\n<p>&nbsp; <\/p>\n","protected":false},"excerpt":{"rendered":"<p>1.- La relaci\u00f3n entre Colombia y Venezuela es de tantos sustentos y factores de interrelaci\u00f3n que cualquier acci\u00f3n o conducta que atente, contrar\u00ede o produzca\u00a0 alteraci\u00f3n o da\u00f1o a los prop\u00f3sitos de uni\u00f3n y cooperaci\u00f3n que se gestaron desde la colonia y se consolidaron con la independencia, debe ser objeto\u00a0 de permanente atenci\u00f3n, porque cualquier &hellip;<\/p>\n","protected":false},"author":1,"featured_media":23332,"comment_status":"open","ping_status":"open","sticky":false,"template":"","format":"standard","meta":{"footnotes":""},"categories":[14,6],"tags":[303,956],"class_list":["post-23331","post","type-post","status-publish","format-standard","has-post-thumbnail","hentry","category-articulistas","category-ojo-avizor","tag-jose-neira-rey","tag-notas-al-margen"],"_links":{"self":[{"href":"https:\/\/contraluzcucuta.co\/index.php?rest_route=\/wp\/v2\/posts\/23331","targetHints":{"allow":["GET"]}}],"collection":[{"href":"https:\/\/contraluzcucuta.co\/index.php?rest_route=\/wp\/v2\/posts"}],"about":[{"href":"https:\/\/contraluzcucuta.co\/index.php?rest_route=\/wp\/v2\/types\/post"}],"author":[{"embeddable":true,"href":"https:\/\/contraluzcucuta.co\/index.php?rest_route=\/wp\/v2\/users\/1"}],"replies":[{"embeddable":true,"href":"https:\/\/contraluzcucuta.co\/index.php?rest_route=%2Fwp%2Fv2%2Fcomments&post=23331"}],"version-history":[{"count":1,"href":"https:\/\/contraluzcucuta.co\/index.php?rest_route=\/wp\/v2\/posts\/23331\/revisions"}],"predecessor-version":[{"id":23333,"href":"https:\/\/contraluzcucuta.co\/index.php?rest_route=\/wp\/v2\/posts\/23331\/revisions\/23333"}],"wp:featuredmedia":[{"embeddable":true,"href":"https:\/\/contraluzcucuta.co\/index.php?rest_route=\/wp\/v2\/media\/23332"}],"wp:attachment":[{"href":"https:\/\/contraluzcucuta.co\/index.php?rest_route=%2Fwp%2Fv2%2Fmedia&parent=23331"}],"wp:term":[{"taxonomy":"category","embeddable":true,"href":"https:\/\/contraluzcucuta.co\/index.php?rest_route=%2Fwp%2Fv2%2Fcategories&post=23331"},{"taxonomy":"post_tag","embeddable":true,"href":"https:\/\/contraluzcucuta.co\/index.php?rest_route=%2Fwp%2Fv2%2Ftags&post=23331"}],"curies":[{"name":"wp","href":"https:\/\/api.w.org\/{rel}","templated":true}]}}