{"id":23303,"date":"2015-01-14T12:37:18","date_gmt":"2015-01-14T17:37:18","guid":{"rendered":"http:\/\/contraluzcucuta.co\/?p=23303"},"modified":"2015-01-15T22:25:13","modified_gmt":"2015-01-16T03:25:13","slug":"notas-al-margen-por-que-y-para-que-seguir-esperando","status":"publish","type":"post","link":"https:\/\/contraluzcucuta.co\/?p=23303","title":{"rendered":"NOTAS AL MARGEN. \u00bfPor qu\u00e9 y para qu\u00e9 seguir esperando?"},"content":{"rendered":"<p>1.-Han trascurrido 15 d\u00edas del nuevo a\u00f1o y\u00a0 pulsando y midiendo\u00a0 acciones, pronunciamientos y comportamientos individuales y colectivos de agentes p\u00fablicos o privados, en titulares y comentarios de peri\u00f3dicos, revistas\u00a0 y\u00a0 diversos medios informativos de contacto abierto, f\u00e1cil es constatar y deducir que en lo estrictamente regional y fronterizo,\u00a0 no obstante los diversos\u00a0 pareceres expuestos desde 1821\u00a0 y la realidad existente, lamentablemente, no se capta, ni visualiza clara y n\u00edtidamente \u00a0el irrumpir acompasado y solidario de una gesti\u00f3n\u00a0 renovadora l y trascendente, que inicie y aut\u00e9nticamente precise, promueva y estimule\u00a0 ese giro o cambio hacia la\u00a0 uni\u00f3n vivificante y de verdadera trasformaci\u00f3n \u00a0y desarrollo de esta \u00e1rea de proyecci\u00f3n binacional e internacional,\u00a0 que tuvo a la Villa del Rosario como capital y centro de la integraci\u00f3n en Am\u00e9rica. Y cuyo mensaje sigue vigente.<\/p>\n<p>Lo casi ins\u00f3lito e incre\u00edble es que pese a esfuerzos de diversa composici\u00f3n y perspectiva, que muchas veces se han sugerido, insinuado y propuesto, m\u00e1s la\u00a0 latencia y palpitaci\u00f3n de situaciones que ameritan una consideraci\u00f3n\u00a0 m\u00e1s consecuente, dada la importancia y la magnitud de los hechos que se pueden producir, en pro o en contra si se logran estructurar planes, programas y proyectos mediante\u00a0 acciones y esfuerzos revitalizantes o se sigue en la actitud pasiva o indiferente, demuestra inequ\u00edvocamente que faltan un despertar y un\u00a0 compromiso individual y colectivo que cobijen a la comunidad interfronteriza\u00a0 a uno y otro lado de los limites, porque sin la interacci\u00f3n de las dos partes, que definen y caracterizan a\u00a0 una frontera, no podr\u00e1n existir el progreso y\u00a0 el aprovechamiento mutuo de las ventajas comparativas que se han canalizado.<\/p>\n<p>2.- Es incuestionable y sin dudas, que la situaci\u00f3n\u00a0 regional y fronteriza existente amerita y\u00a0 requiere de un dimensionamiento\u00a0 y reenfoque que incentive, estimule y propicie una renovaci\u00f3n directiva, que implique la\u00a0 aproximaci\u00f3n\u00a0 y la coparticipaci\u00f3n de sectores y actividades, porque falta m\u00e1s presencia, participaci\u00f3n, cohesi\u00f3n y direccionamiento del desenvolvimiento, y con m\u00e1s identidad, solidaridad, visi\u00f3n de perspectivas\u00a0 y esp\u00edritu de pertenencia.<\/p>\n<p>3.- Ese giro o movida, hacia un conocimiento, comprensi\u00f3n y labor mancomunada, es tambi\u00e9n para todos los partidos, grupos o gestores\u00a0 pol\u00edticos, porque por encima de lo ideol\u00f3gico partidarista o de sectorizaci\u00f3n\u00a0 grupista hay que intentar y lograr un movimiento binacional fronterizo que\u00a0 proyecte, fortalezca\u00a0 y dinamice las nociones de fraternidad, interdependencia y canalizaci\u00f3n de recursos humanos y naturales, que necesitan una mejor y mayor aplicaci\u00f3n, dentro de revitalizadoras\u00a0 pol\u00edticas de Estado\u00a0 de Colombia y Venezuela, que establezcan, adem\u00e1s, incentivos, est\u00edmulos, mecanismos , procedimientos y reglamentaciones que determinen los derechos de uso y aplicaci\u00f3n, con las consecuentes y ejemplarizantes descentralizaciones administrativas\u00a0 y operativas y de representatividad,\u00a0 que son\u00a0 indispensables e inaplazables, para dar vida y vigencia a este nudo articular colombo-venezolano\u00a0 de modernizaci\u00f3n, competitividad, innovaci\u00f3n y generaci\u00f3n de empleos, que bien puede ser una referencia mundial. \u00bfPor qu\u00e9 y para qu\u00e9, seguir esperando?<\/p>\n<p><strong>JOS\u00c9 NEIRA REY<\/strong><\/p>\n<p><a href=\"mailto:jneirarey@hotmail.com\"><strong>jneirarey@hotmail.com<\/strong><\/a><\/p>\n<p>&nbsp; <\/p>\n","protected":false},"excerpt":{"rendered":"<p>1.-Han trascurrido 15 d\u00edas del nuevo a\u00f1o y\u00a0 pulsando y midiendo\u00a0 acciones, pronunciamientos y comportamientos individuales y colectivos de agentes p\u00fablicos o privados, en titulares y comentarios de peri\u00f3dicos, revistas\u00a0 y\u00a0 diversos medios informativos de contacto abierto, f\u00e1cil es constatar y deducir que en lo estrictamente regional y fronterizo,\u00a0 no obstante los diversos\u00a0 pareceres expuestos &hellip;<\/p>\n","protected":false},"author":1,"featured_media":23304,"comment_status":"open","ping_status":"open","sticky":false,"template":"","format":"standard","meta":{"footnotes":""},"categories":[14,32],"tags":[303,956],"class_list":["post-23303","post","type-post","status-publish","format-standard","has-post-thumbnail","hentry","category-articulistas","category-recorrido-por-la-region","tag-jose-neira-rey","tag-notas-al-margen"],"_links":{"self":[{"href":"https:\/\/contraluzcucuta.co\/index.php?rest_route=\/wp\/v2\/posts\/23303","targetHints":{"allow":["GET"]}}],"collection":[{"href":"https:\/\/contraluzcucuta.co\/index.php?rest_route=\/wp\/v2\/posts"}],"about":[{"href":"https:\/\/contraluzcucuta.co\/index.php?rest_route=\/wp\/v2\/types\/post"}],"author":[{"embeddable":true,"href":"https:\/\/contraluzcucuta.co\/index.php?rest_route=\/wp\/v2\/users\/1"}],"replies":[{"embeddable":true,"href":"https:\/\/contraluzcucuta.co\/index.php?rest_route=%2Fwp%2Fv2%2Fcomments&post=23303"}],"version-history":[{"count":1,"href":"https:\/\/contraluzcucuta.co\/index.php?rest_route=\/wp\/v2\/posts\/23303\/revisions"}],"predecessor-version":[{"id":23305,"href":"https:\/\/contraluzcucuta.co\/index.php?rest_route=\/wp\/v2\/posts\/23303\/revisions\/23305"}],"wp:featuredmedia":[{"embeddable":true,"href":"https:\/\/contraluzcucuta.co\/index.php?rest_route=\/wp\/v2\/media\/23304"}],"wp:attachment":[{"href":"https:\/\/contraluzcucuta.co\/index.php?rest_route=%2Fwp%2Fv2%2Fmedia&parent=23303"}],"wp:term":[{"taxonomy":"category","embeddable":true,"href":"https:\/\/contraluzcucuta.co\/index.php?rest_route=%2Fwp%2Fv2%2Fcategories&post=23303"},{"taxonomy":"post_tag","embeddable":true,"href":"https:\/\/contraluzcucuta.co\/index.php?rest_route=%2Fwp%2Fv2%2Ftags&post=23303"}],"curies":[{"name":"wp","href":"https:\/\/api.w.org\/{rel}","templated":true}]}}