{"id":23299,"date":"2015-01-12T08:03:30","date_gmt":"2015-01-12T13:03:30","guid":{"rendered":"http:\/\/contraluzcucuta.co\/?p=23299"},"modified":"2015-01-15T15:14:21","modified_gmt":"2015-01-15T20:14:21","slug":"futbol-de-segunda-cucuta-real-cartagena-14-de-enero-800-de-la-noche","status":"publish","type":"post","link":"https:\/\/contraluzcucuta.co\/?p=23299","title":{"rendered":"F\u00daTBOL DE SEGUNDA. C\u00facuta \u2013 Real Cartagena, 14 de enero, 8:00 de la noche"},"content":{"rendered":"<p><strong>BOGOT\u00c1. <\/strong>Por seguridad y log\u00edstica, la Divisi\u00f3n Mayor\u00a0 del F\u00fatbol Colombiano, (Dimayor) modific\u00f3 la programaci\u00f3n de los cuadrangulares de ascenso. En la primera fecha el C\u00facuta Deportivo enfrentar\u00e1 a Real Cartagena, el 14 de enero, a las\u00a0 8:00 de la noche, en el estadio Metropolitano de Techo.<\/p>\n<p>El encuentro que abrir\u00e1 la serie entre Quind\u00edo\u00a0\u00a0\u00a0\u00a0\u00a0\u00a0\u00a0 y\u00a0\u00a0\u00a0\u00a0\u00a0\u00a0\u00a0\u00a0\u00a0 Bucaramanga, se jugar\u00e1 a las 4:00 de la tarde. Por el grupo B, Pereira Uni\u00f3n Magdalena se enfrentar\u00e1n el 15 de enero, a las 4:00 de la tarde, en El Camp\u00edn, y Am\u00e9rica contra Cortulu\u00e1, a las 8:15 de la noche.<\/p>\n<p>En el \u00faltimo partido de preparaci\u00f3n para afrontar los cuadrangualres, el cuadro rojinegro\u00a0\u00a0 derrot\u00f3 a Uni\u00f3n Magdalena, en la cancha de la Federaci\u00f3n Colombiana de F\u00fatbol en Bogot\u00e1. Los motilones vencieron (3-2) al cuadro samario, con anotaciones de Marcos Lazaga, Mauricio Duarte, de tiro libre, y Jonathan Palacios. Por el Uni\u00f3n, convirtieron Jonathan P\u00e9rez y\u00a0 Ferney R\u00edos, de penalti.<\/p>\n<p>La n\u00f3mina inicial del cuadro fronterizo\u00a0 la conformaron Wilder Mosquera, David G\u00f3mez, Franco Sosa, Pablo Escobar, Jhon Garc\u00eda, Gerardo Bedoya, Mauricio Mar\u00edn, Diego Espinel, Marcos Lazaga y Edwards Jim\u00e9nez.<\/p>\n<p>En el segundo tiempo\u00a0 C\u00facuta present\u00f3 a Sergio Avellaneda, Luis Vergara, Pablo Escobar, Diego Espinel, Mauricio Duarte, Andr\u00e9s Arboleda, Edson Navarro (Franco Del Giglio), Alexis Ossa, Jonathan Palacios, Miguel P\u00e9rez y Cristian Cang\u00e1.<\/p>\n<p>El once\u00a0 motil\u00f3n cerr\u00f3 la agenda de partidos amistosos en la capital colombiana. El mi\u00e9rcoles, afrontar\u00e1 la primera fecha de los cuadrangulares en el estadio Metropolitano de Techo.<\/p>\n<p>La siguiente es la programaci\u00f3n oficial de los encuentros:<\/p>\n<p><strong>Fecha 2<\/strong><\/p>\n<p><strong>GRUPO A<\/strong><\/p>\n<p>Real Cartagena \u2013 Quind\u00edo. 17 de enero. 3:30 de la tarde. Techo<\/p>\n<p>Bucaramanga \u2013 C\u00facuta. 17 de enero. 7:30 de la noche. Techo<\/p>\n<p><strong>GRUPO B<\/strong><\/p>\n<p>Uni\u00f3n Magdalena \u2013 Am\u00e9rica. 18 de enero. 3:30 de la noche. El Camp\u00edn<\/p>\n<p>Cortulua \u2013 Pereira. 18 de enero. 7:30 de la noche. E Camp\u00edn<\/p>\n<p><strong>Fecha 3<\/strong><\/p>\n<p><strong>GRUPO A<\/strong><\/p>\n<p>Real Cartagena \u2013 Bucaramanga. 21de enero<\/p>\n<p>C\u00facuta \u2013 Quind\u00edo. 21de ene<\/p>\n<p><strong>GRUPO B<\/strong><\/p>\n<p>Uni\u00f3n Magdalena \u2013 Cortulu\u00e1. 21 de enero<\/p>\n<p>Pereira \u2013 Am\u00e9rica. 21 de enero.<\/p>\n<p>Foto: Oficina de Prensa &#8211; C\u00facuta Deportivo <\/p>\n","protected":false},"excerpt":{"rendered":"<p>BOGOT\u00c1. Por seguridad y log\u00edstica, la Divisi\u00f3n Mayor\u00a0 del F\u00fatbol Colombiano, (Dimayor) modific\u00f3 la programaci\u00f3n de los cuadrangulares de ascenso. En la primera fecha el C\u00facuta Deportivo enfrentar\u00e1 a Real Cartagena, el 14 de enero, a las\u00a0 8:00 de la noche, en el estadio Metropolitano de Techo. El encuentro que abrir\u00e1 la serie entre Quind\u00edo\u00a0\u00a0\u00a0\u00a0\u00a0\u00a0\u00a0 &hellip;<\/p>\n","protected":false},"author":1,"featured_media":23301,"comment_status":"open","ping_status":"open","sticky":false,"template":"","format":"standard","meta":{"footnotes":""},"categories":[28],"tags":[1987,1396,1988,301],"class_list":["post-23299","post","type-post","status-publish","format-standard","has-post-thumbnail","hentry","category-vistazo-deportivo","tag-cucuta-deportivo-2015","tag-dimayor","tag-futbol-de-segunda","tag-futbol-profesional-colombiano"],"_links":{"self":[{"href":"https:\/\/contraluzcucuta.co\/index.php?rest_route=\/wp\/v2\/posts\/23299","targetHints":{"allow":["GET"]}}],"collection":[{"href":"https:\/\/contraluzcucuta.co\/index.php?rest_route=\/wp\/v2\/posts"}],"about":[{"href":"https:\/\/contraluzcucuta.co\/index.php?rest_route=\/wp\/v2\/types\/post"}],"author":[{"embeddable":true,"href":"https:\/\/contraluzcucuta.co\/index.php?rest_route=\/wp\/v2\/users\/1"}],"replies":[{"embeddable":true,"href":"https:\/\/contraluzcucuta.co\/index.php?rest_route=%2Fwp%2Fv2%2Fcomments&post=23299"}],"version-history":[{"count":1,"href":"https:\/\/contraluzcucuta.co\/index.php?rest_route=\/wp\/v2\/posts\/23299\/revisions"}],"predecessor-version":[{"id":23302,"href":"https:\/\/contraluzcucuta.co\/index.php?rest_route=\/wp\/v2\/posts\/23299\/revisions\/23302"}],"wp:featuredmedia":[{"embeddable":true,"href":"https:\/\/contraluzcucuta.co\/index.php?rest_route=\/wp\/v2\/media\/23301"}],"wp:attachment":[{"href":"https:\/\/contraluzcucuta.co\/index.php?rest_route=%2Fwp%2Fv2%2Fmedia&parent=23299"}],"wp:term":[{"taxonomy":"category","embeddable":true,"href":"https:\/\/contraluzcucuta.co\/index.php?rest_route=%2Fwp%2Fv2%2Fcategories&post=23299"},{"taxonomy":"post_tag","embeddable":true,"href":"https:\/\/contraluzcucuta.co\/index.php?rest_route=%2Fwp%2Fv2%2Ftags&post=23299"}],"curies":[{"name":"wp","href":"https:\/\/api.w.org\/{rel}","templated":true}]}}