{"id":23280,"date":"2015-01-06T22:28:18","date_gmt":"2015-01-07T03:28:18","guid":{"rendered":"http:\/\/contraluzcucuta.co\/?p=23280"},"modified":"2015-01-09T18:10:17","modified_gmt":"2015-01-09T23:10:17","slug":"paz-en-colombia-chinacota-se-propone-como-custodia-del-tratado-de-la-habana","status":"publish","type":"post","link":"https:\/\/contraluzcucuta.co\/?p=23280","title":{"rendered":"PAZ EN COLOMBIA. Chin\u00e1cota se propone como custodia del tratado de La Habana"},"content":{"rendered":"<p><strong>CHIN\u00c1COTA.-<\/strong> Trasladar a Chin\u00e1cota el tratado de paz que se firme en La Habana entre las Fuerzas Armadas Revolucionarias de Colombia \u00a0(Farc) y el Gobierno, solicitaron al presidente Juan Manuel Santos voceros de ese municipio de Norte de Santander. La petici\u00f3n la presentaron el primer d\u00eda del 2015, en carta remitida al Palacio de Nari\u00f1o.<\/p>\n<p>Los firmantes de la carta dirigida al mandatario, encabezados por el alcalde Carlos Arturo Conde, el p\u00e1rroco Carlos Sa\u00fal Garc\u00e9s y el expralamentario V\u00edctor Castellanos, recordaron el pasado y la importancia de Chin\u00e1cota en la consecuci\u00f3n de la paz para Colombia. Adem\u00e1s, estamparon la r\u00fabrica exmagistrados, exconcejales, l\u00edderes c\u00edvicos y voceros de la comunidad.<\/p>\n<p>El 21 de noviembre de 1902, se firm\u00f3 en esa localidad el tratado para acabar con la guerra de comienzos del siglo XX. En esa ocasi\u00f3n se firmaron otros dos tratados, los de Neerlandia y Panam\u00e1. \u201cLos dos \u00faltimos aparecen entre brumas, en cambio el de Chin\u00e1cota conserva tanto el original como la casa en donde se firm\u00f3\u201d, indicaron los autores de la misiva a Santos.<\/p>\n<p>El inmueble est\u00e1 convertido en \u2018El Museo Nacional de la Paz\u2019, adonde podr\u00eda ser enviado el documento suscrito en la capital cubana entre los delegados de la guerrilla y del Gobierno. \u201cAqu\u00ed levantaremos, Dios mediante, el m\u00e1s grande museo a la paz en uno de los cerros m\u00e1s elevados de esta regi\u00f3n fronteriza\u201d.<\/p>\n<p>Aprovechan para endilgarles a los dirigentes pol\u00edticos la \u201cignorancia de la historia\u201d y la p\u00e9rdida de la memoria sobre lo ocurrido en el siglo XIX. En esa \u00e9poca, recordaron, El pa\u00eds afront\u00f3 ocho guerras civiles, entre 1819 y 1902. El otro periodo, marcado por la violencia que comenz\u00f3 en 1948 y llamado \u2018guerra civil no declarada\u2019, no termina.<\/p>\n<p>\u201cCon raz\u00f3n se afirma que \u2018quien ignora la historia est\u00e1 condenado a repetirla\u2019 y la estamos repitiendo\u201d, se\u00f1alaron los firmantes. En el repaso recuerdan las bondades pasada de Norte de Santander:<\/p>\n<p>1.- En el departamento se cultiv\u00f3 por primera vez el caf\u00e9.<\/p>\n<p>2.- Producci\u00f3n abundante de petr\u00f3leo desde 1922.<\/p>\n<p>3.- Ingreso de la industrializaci\u00f3n y el comercio al pa\u00eds.<\/p>\n<p>4.- En Villa del Rosario naci\u00f3 la Rep\u00fablica de Colombia.<\/p>\n<p>5.- Esta es la frontera m\u00e1s extensa del pa\u00eds.<\/p>\n<p>Reiteran que estos aspectos est\u00e1n olvidados por influencia del \u201cdiscriminatorio y poderoso \u2018centralismo\u2019\u201d.<\/p>\n<p><strong>\u00a0Foto:\u00a0<a class=\"_ZR irc_hol\" style=\"color: #d6d6d6;\" href=\"https:\/\/www.google.com.co\/url?sa=i&amp;rct=j&amp;q=&amp;esrc=s&amp;source=images&amp;cd=&amp;cad=rja&amp;uact=8&amp;ved=0CAYQjB0&amp;url=http%3A%2F%2Fwww.chinacota-nortedesantander.gov.co%2Fnoticias.shtml%3Fapc%3DCnxx-1-%26x%3D3068649&amp;ei=LKesVLSIIMqnNqOVgqgE&amp;bvm=bv.83134100,d.eXY&amp;psig=AFQjCNE_hZXVrSf4Sozm1nL1kM0bJuo3ZA&amp;ust=1420687243876329\" data-ved=\"0CAYQjB0\" data-href=\"http:\/\/www.chinacota-nortedesantander.gov.co\/noticias.shtml?apc=Cnxx-1-&amp;x=3068649\"><span class=\"irc_ho\" dir=\"ltr\" style=\"color: #d6d6d6;\">www.chinacota-nortedesantander.gov.co<\/span><\/a><\/strong> <\/p>\n","protected":false},"excerpt":{"rendered":"<p>CHIN\u00c1COTA.- Trasladar a Chin\u00e1cota el tratado de paz que se firme en La Habana entre las Fuerzas Armadas Revolucionarias de Colombia \u00a0(Farc) y el Gobierno, solicitaron al presidente Juan Manuel Santos voceros de ese municipio de Norte de Santander. La petici\u00f3n la presentaron el primer d\u00eda del 2015, en carta remitida al Palacio de Nari\u00f1o. &hellip;<\/p>\n","protected":false},"author":1,"featured_media":23281,"comment_status":"open","ping_status":"open","sticky":false,"template":"","format":"standard","meta":{"footnotes":""},"categories":[556,45],"tags":[162,1978,1977],"class_list":["post-23280","post","type-post","status-publish","format-standard","has-post-thumbnail","hentry","category-departamento","category-destacado","tag-chinacota","tag-paz-en-colombia","tag-tratado-de-paz-de-la-habana"],"_links":{"self":[{"href":"https:\/\/contraluzcucuta.co\/index.php?rest_route=\/wp\/v2\/posts\/23280","targetHints":{"allow":["GET"]}}],"collection":[{"href":"https:\/\/contraluzcucuta.co\/index.php?rest_route=\/wp\/v2\/posts"}],"about":[{"href":"https:\/\/contraluzcucuta.co\/index.php?rest_route=\/wp\/v2\/types\/post"}],"author":[{"embeddable":true,"href":"https:\/\/contraluzcucuta.co\/index.php?rest_route=\/wp\/v2\/users\/1"}],"replies":[{"embeddable":true,"href":"https:\/\/contraluzcucuta.co\/index.php?rest_route=%2Fwp%2Fv2%2Fcomments&post=23280"}],"version-history":[{"count":1,"href":"https:\/\/contraluzcucuta.co\/index.php?rest_route=\/wp\/v2\/posts\/23280\/revisions"}],"predecessor-version":[{"id":23282,"href":"https:\/\/contraluzcucuta.co\/index.php?rest_route=\/wp\/v2\/posts\/23280\/revisions\/23282"}],"wp:featuredmedia":[{"embeddable":true,"href":"https:\/\/contraluzcucuta.co\/index.php?rest_route=\/wp\/v2\/media\/23281"}],"wp:attachment":[{"href":"https:\/\/contraluzcucuta.co\/index.php?rest_route=%2Fwp%2Fv2%2Fmedia&parent=23280"}],"wp:term":[{"taxonomy":"category","embeddable":true,"href":"https:\/\/contraluzcucuta.co\/index.php?rest_route=%2Fwp%2Fv2%2Fcategories&post=23280"},{"taxonomy":"post_tag","embeddable":true,"href":"https:\/\/contraluzcucuta.co\/index.php?rest_route=%2Fwp%2Fv2%2Ftags&post=23280"}],"curies":[{"name":"wp","href":"https:\/\/api.w.org\/{rel}","templated":true}]}}