{"id":23262,"date":"2015-01-04T20:56:12","date_gmt":"2015-01-05T01:56:12","guid":{"rendered":"http:\/\/contraluzcucuta.co\/?p=23262"},"modified":"2015-01-06T21:19:38","modified_gmt":"2015-01-07T02:19:38","slug":"informe-de-gestion-sena-formo-147-500-aprendices-en-el-2014","status":"publish","type":"post","link":"https:\/\/contraluzcucuta.co\/?p=23262","title":{"rendered":"INFORME DE GESTI\u00d3N. Sena form\u00f3 147.500 aprendices, en el 2014"},"content":{"rendered":"<p><strong>C\u00daCUTA.-<\/strong> 147.500 aprendices, form\u00f3 el Sena en el 2014, lo que representa el 108 por ciento de cumplimiento en la meta establecida para el a\u00f1o. 41.263 j\u00f3venes participaron en los niveles t\u00e9cnico profesional, tecn\u00f3logo, especializaciones y t\u00e9cnico laboral, mientras que en formaci\u00f3n complementaria o cursos cortos se formaron 106.237.<\/p>\n<p>De los 40 municipios del departamento los que presentaron m\u00e1s cupos de aprendices ejecutados fueron C\u00facuta (76.862), Pamplona (2082), Los Patios (1038), Chin\u00e1cota (1075), Bochalema (993), Sardinata (975) y Gramalote (863).<\/p>\n<p>En poblaciones vulnerables se atendieron 43.587 personas, repartidas en 12.266 mujeres cabeza de hogar; 26.677 j\u00f3venes vulnerables; 11.586 desplazados por la violencia; 1783 internos del Inpec; 1168 damnificados por fen\u00f3menos naturales; 468 discapacitados; 272 ind\u00edgenas; 171 adolescentes en conflicto con la ley; 227 negritudes, afrocolombianos y raizales; 1474 de la tercera edad; 1098 adolescentes trabajadores; 231 soldados campesinos y 171 reintegrados.<\/p>\n<p>Otras acciones cumplidas en el 2014 son las siguientes:<\/p>\n<p>1.- La Regional form\u00f3 5191 J\u00f3venes Rurales Emprendedores. De esta estrategia se lograron 110 unidades productivas, 10 empresas rurales creadas, para 1214 personas ocupadas en las unidades productivas, y 316 j\u00f3venes ocupados en las mismas.<\/p>\n<p>2.- 129 instituciones educativas de 38 municipios desarrollaron el programa de integraci\u00f3n con la media, con 17.210 aprendices.<\/p>\n<p>3.- 1350 aprendices formados mediante convenios de ampliaci\u00f3n de cobertura.<\/p>\n<p>4.- La Red Tecnoparque, por medio del nodo Oca\u00f1a acompa\u00f1\u00f3 98 proyectos, de los cuales 48 fueron para p\u00fablico externo y 47 para aprendices talento Sena. El Nodo acompa\u00f1\u00f3 tres proyectos de innovaci\u00f3n abierta. De los 10 eventos de divulgaci\u00f3n tecnol\u00f3gica, 6 fueron para el Sena y 4 para p\u00fablico general. Tambi\u00e9n se lograron 32 prototipos funcionales, 17 productos o servicios puestos en el mercado, 2 proyectos de investigaci\u00f3n que iniciaron la etapa de campo y publicaron art\u00edculos en revista cient\u00edfica y un macro proyecto.<\/p>\n<p>5.- 1226 personas certificadas en competencias laborales present\u00f3 el Centro para la Industria, la Empresa y los Servicios (CIES). Logr\u00f3 la meta en 122,6 % en los sectores el\u00e9ctrico, vigilancia, gas, soldadura, construcci\u00f3n, agua potable, salud y miner\u00eda, que respondieron a las necesidades de empresas, y proyectos adelantados en Norte de Santander.<\/p>\n<p>El Cedrum report\u00f3 442 personas certificadas laboralmente en producci\u00f3n pecuaria, av\u00edcola y caf\u00e9, y procesamiento de alimentos, entre otros.<\/p>\n<p>6.- Se firm\u00f3 (en marzo) una alianza con Centrales El\u00e9ctricas para asegurar la formaci\u00f3n de 200 linieros que trabajar\u00e1n en un macro proyecto de electrificaci\u00f3n, especialmente en las \u00e1reas de El Catatumbo y la provincia de Oca\u00f1a. En agosto, 110 aprendices formados en construcci\u00f3n y montaje de redes en distribuci\u00f3n de energ\u00eda el\u00e9ctrica en Tib\u00fa,\u00a0 Oca\u00f1a y C\u00facuta participaron en el primer Rodeo El\u00e9ctrico de Linieros aprendices Sena.\u00a0 CENS aport\u00f3 la construcci\u00f3n de los campos de entrenamiento.<\/p>\n<p>7.- La Agencia P\u00fablica de Empleo tuvo 33.187 inscritos. Se ofertaron 6736 vacantes de empleo y se ocuparon 4582 personas. Se orient\u00f3 a 14.085 desempleados y 3009 desplazados; se inscribieron 508 nuevas empresas, 10.895 profesionales inscritos y se brind\u00f3 orientaci\u00f3n ocupacional a 17.094 personas.<\/p>\n<p>8.-\u00a0\u00a0\u00a0\u00a0\u00a0\u00a0 Mediante alianzas suscritas con empresas se generaron 1181 empleos.<\/p>\n<p>9.- En Cultura de Emprendimiento fueron sensibilizadas 5702 personas. Se hicieron 406 visitas de acompa\u00f1amiento a empresas creadas por otras fuentes de financiaci\u00f3n. En asistencia de Mypes se hicieron\u00a0 49 acompa\u00f1amientos y seguimientos; 51 planes de fortalecimiento formulados y 53 diagn\u00f3sticos. Por intermedio del Fondo Emprender se formularon 136 planes de negocio para poblaci\u00f3n v\u00edctima, de los cuales se crearon 69; de los planes de negocio formulados con la unidad de emprendimiento Sena, se hicieron 5.<\/p>\n<ol>\n<li>Estrategia Sennova: Se gestionaron tres convenios con los grupos de investigaci\u00f3n de las universidades de Pamplona y Francisco de Paula Santander de C\u00facuta y Oca\u00f1a, para el uso de infraestructura compartida para el desarrollo de proyectos de investigaci\u00f3n aplicada.<\/li>\n<\/ol>\n<p>&nbsp; <\/p>\n","protected":false},"excerpt":{"rendered":"<p>C\u00daCUTA.- 147.500 aprendices, form\u00f3 el Sena en el 2014, lo que representa el 108 por ciento de cumplimiento en la meta establecida para el a\u00f1o. 41.263 j\u00f3venes participaron en los niveles t\u00e9cnico profesional, tecn\u00f3logo, especializaciones y t\u00e9cnico laboral, mientras que en formaci\u00f3n complementaria o cursos cortos se formaron 106.237. De los 40 municipios del departamento &hellip;<\/p>\n","protected":false},"author":1,"featured_media":23263,"comment_status":"open","ping_status":"open","sticky":false,"template":"","format":"standard","meta":{"footnotes":""},"categories":[556,32],"tags":[602],"class_list":["post-23262","post","type-post","status-publish","format-standard","has-post-thumbnail","hentry","category-departamento","category-recorrido-por-la-region","tag-sena-regional-norte-de-santander"],"_links":{"self":[{"href":"https:\/\/contraluzcucuta.co\/index.php?rest_route=\/wp\/v2\/posts\/23262","targetHints":{"allow":["GET"]}}],"collection":[{"href":"https:\/\/contraluzcucuta.co\/index.php?rest_route=\/wp\/v2\/posts"}],"about":[{"href":"https:\/\/contraluzcucuta.co\/index.php?rest_route=\/wp\/v2\/types\/post"}],"author":[{"embeddable":true,"href":"https:\/\/contraluzcucuta.co\/index.php?rest_route=\/wp\/v2\/users\/1"}],"replies":[{"embeddable":true,"href":"https:\/\/contraluzcucuta.co\/index.php?rest_route=%2Fwp%2Fv2%2Fcomments&post=23262"}],"version-history":[{"count":1,"href":"https:\/\/contraluzcucuta.co\/index.php?rest_route=\/wp\/v2\/posts\/23262\/revisions"}],"predecessor-version":[{"id":23264,"href":"https:\/\/contraluzcucuta.co\/index.php?rest_route=\/wp\/v2\/posts\/23262\/revisions\/23264"}],"wp:featuredmedia":[{"embeddable":true,"href":"https:\/\/contraluzcucuta.co\/index.php?rest_route=\/wp\/v2\/media\/23263"}],"wp:attachment":[{"href":"https:\/\/contraluzcucuta.co\/index.php?rest_route=%2Fwp%2Fv2%2Fmedia&parent=23262"}],"wp:term":[{"taxonomy":"category","embeddable":true,"href":"https:\/\/contraluzcucuta.co\/index.php?rest_route=%2Fwp%2Fv2%2Fcategories&post=23262"},{"taxonomy":"post_tag","embeddable":true,"href":"https:\/\/contraluzcucuta.co\/index.php?rest_route=%2Fwp%2Fv2%2Ftags&post=23262"}],"curies":[{"name":"wp","href":"https:\/\/api.w.org\/{rel}","templated":true}]}}