{"id":23256,"date":"2015-01-04T19:54:07","date_gmt":"2015-01-05T00:54:07","guid":{"rendered":"http:\/\/contraluzcucuta.co\/?p=23256"},"modified":"2015-01-04T19:54:07","modified_gmt":"2015-01-05T00:54:07","slug":"futbol-de-segunda-diego-bernal-nuevo-entrenador-de-arqueros-del-cucuta-deportivo","status":"publish","type":"post","link":"https:\/\/contraluzcucuta.co\/?p=23256","title":{"rendered":"F\u00daTBOL DE SEGUNDA. Diego Bernal, nuevo entrenador de arqueros del C\u00facuta Deportivo."},"content":{"rendered":"<p><strong>BOGOT\u00c1.-<\/strong> El profesor Diego Andr\u00e9s Bernal Bustos a uni\u00f3 a los trabajos del C\u00facuta Deportivo, en calidad de entrenador de arqueros. \u00a0Remplaza en el cargo a\u00a0 V\u00edctor Mart\u00ednez. El nuevo miembro de la divisa rojinegra trabaj\u00f3 con el Depor F.C. en el 2012 y Am\u00e9rica\u00a0 de Cali, en el 2014.<\/p>\n<p>Bernal naci\u00f3, el 21 de noviembre de 1985, en Bogot\u00e1. Es profesional del deporte y actividad f\u00edsica, egresado de la Escuela Nacional del Deporte. \u00a0A la llegada a la concentraci\u00f3n motilona dijo que es importante\u00a0 estar en un equipo grande y de historia del f\u00fatbol colombiano.<\/p>\n<p>\u201cS\u00e9 lo que es C\u00facuta Deportivo. Conozco el cuerpo t\u00e9cnico y s\u00e9 la responsabilidad que hay para lograr el ascenso\u201d. Respecto a los cancerberos que trabajan con el equipo\u00a0 Wilder Mosquera y Sergio Avellaneda coment\u00f3 que tienen buenas condiciones.<\/p>\n<p>\u201cLes hago seguimiento a los guardametas del torneo de ascenso. Los he visto; adem\u00e1s, el concepto que me entreg\u00f3 el profesor V\u00edctor Mart\u00ednez es el mejor. S\u00e9 que son trabajadores, excelentes personas, tienen la capacidad y las condiciones que dan seguridad a la hora de la competencia\u201d.<\/p>\n<p>El cuadro fronterizo contin\u00faa la preparaci\u00f3n en la capital del pa\u00eds para asumir el cuadrangular A, que dar\u00e1 un cupo a la primera divisi\u00f3n del f\u00fatbol profesional colombiano. \u00a0C\u00facuta Deportivo tendr\u00e1 como rivales, a partir del 14 de enero, a Bucaramanga, Quind\u00edo y Real Cartagena.<\/p>\n<p>El once motil\u00f3n regres\u00f3 a la segunda categor\u00eda en el 2012. En a\u00f1os anteriores form\u00f3 parte de ese grupo y volvi\u00f3 a la A en el 2016. En el 2007, cumpli\u00f3 destacada actuaci\u00f3n en la Copa Libertadores al llegar a semifinales. En el 2008, no tuvo suerte en el torneo continental y se baj\u00f3 en la \u00a0primera ronda.<\/p>\n<p>En el 2014, la Dimayor dispuso que dos equipos de los que siempre han estado en la primera divisi\u00f3n y que descendieron regresen a la m\u00e1xima categor\u00eda. Para alcanzar ese objetivo, los ocho elencos hist\u00f3ricos formaron dos grupos de cuatro. Los primeros ser\u00e1n los convidados a la A, los dem\u00e1s permanecer\u00e1n en la categor\u00eda de relevo.<\/p>\n<p><strong>Foto: Prensa \u2013 C\u00facuta Deportivo<\/strong><\/p>\n<p>&nbsp; <\/p>\n","protected":false},"excerpt":{"rendered":"<p>BOGOT\u00c1.- El profesor Diego Andr\u00e9s Bernal Bustos a uni\u00f3 a los trabajos del C\u00facuta Deportivo, en calidad de entrenador de arqueros. \u00a0Remplaza en el cargo a\u00a0 V\u00edctor Mart\u00ednez. El nuevo miembro de la divisa rojinegra trabaj\u00f3 con el Depor F.C. en el 2012 y Am\u00e9rica\u00a0 de Cali, en el 2014. Bernal naci\u00f3, el 21 de &hellip;<\/p>\n","protected":false},"author":1,"featured_media":23257,"comment_status":"open","ping_status":"open","sticky":false,"template":"","format":"standard","meta":{"footnotes":""},"categories":[28],"tags":[192,1396,301],"class_list":["post-23256","post","type-post","status-publish","format-standard","has-post-thumbnail","hentry","category-vistazo-deportivo","tag-cucuta-deportivo","tag-dimayor","tag-futbol-profesional-colombiano"],"_links":{"self":[{"href":"https:\/\/contraluzcucuta.co\/index.php?rest_route=\/wp\/v2\/posts\/23256","targetHints":{"allow":["GET"]}}],"collection":[{"href":"https:\/\/contraluzcucuta.co\/index.php?rest_route=\/wp\/v2\/posts"}],"about":[{"href":"https:\/\/contraluzcucuta.co\/index.php?rest_route=\/wp\/v2\/types\/post"}],"author":[{"embeddable":true,"href":"https:\/\/contraluzcucuta.co\/index.php?rest_route=\/wp\/v2\/users\/1"}],"replies":[{"embeddable":true,"href":"https:\/\/contraluzcucuta.co\/index.php?rest_route=%2Fwp%2Fv2%2Fcomments&post=23256"}],"version-history":[{"count":1,"href":"https:\/\/contraluzcucuta.co\/index.php?rest_route=\/wp\/v2\/posts\/23256\/revisions"}],"predecessor-version":[{"id":23258,"href":"https:\/\/contraluzcucuta.co\/index.php?rest_route=\/wp\/v2\/posts\/23256\/revisions\/23258"}],"wp:featuredmedia":[{"embeddable":true,"href":"https:\/\/contraluzcucuta.co\/index.php?rest_route=\/wp\/v2\/media\/23257"}],"wp:attachment":[{"href":"https:\/\/contraluzcucuta.co\/index.php?rest_route=%2Fwp%2Fv2%2Fmedia&parent=23256"}],"wp:term":[{"taxonomy":"category","embeddable":true,"href":"https:\/\/contraluzcucuta.co\/index.php?rest_route=%2Fwp%2Fv2%2Fcategories&post=23256"},{"taxonomy":"post_tag","embeddable":true,"href":"https:\/\/contraluzcucuta.co\/index.php?rest_route=%2Fwp%2Fv2%2Ftags&post=23256"}],"curies":[{"name":"wp","href":"https:\/\/api.w.org\/{rel}","templated":true}]}}