{"id":23216,"date":"2014-12-22T19:22:10","date_gmt":"2014-12-23T00:22:10","guid":{"rendered":"http:\/\/contraluzcucuta.co\/?p=23216"},"modified":"2014-12-24T14:53:33","modified_gmt":"2014-12-24T19:53:33","slug":"futbol-de-segunda-cucuta-mantiene-la-preparacion-para-el-cuadrangular","status":"publish","type":"post","link":"https:\/\/contraluzcucuta.co\/?p=23216","title":{"rendered":"F\u00daTBOL DE SEGUNDA. C\u00facuta mantiene la preparaci\u00f3n para el cuadrangular"},"content":{"rendered":"<p>Mientras los colombianos celebran la octava estrella de Independiente Santa Fe, los cucute\u00f1os hacen fuerza porque el C\u00facuta Deportivo alcance el nivel \u00f3ptimo para encarar el cuadrangular de enero en busca del regreso a la primera categor\u00eda del f\u00fatbol profesional colombiano.<\/p>\n<p>Los motilones cumplen la preparaci\u00f3n en Bogot\u00e1 y han enfrentado a varios equipos para llegar con los minutos requeridos en el momento de afrontar los compromisos. Los cuadrangulares de ascenso se disputar\u00e1n en la capital del pa\u00eds, del 14 al 21de enero.<\/p>\n<p>C\u00facuta Deportivo tendr\u00e1 como rivales al Atl\u00e9tico Bucaramanga, Deportes Quind\u00edo y Real Cartagena. El primer partido ser\u00e1 otra edici\u00f3n del Cl\u00e1sico del Oriente, esta vez matizado por el fr\u00edo bogotano y con p\u00fablico ajeno en los grader\u00edos.<\/p>\n<p>En el \u00faltimo encuentro de preparaci\u00f3n el cuadro rojinegro enfrent\u00f3 a Cortulu\u00e1, en el C\u00edrculo de Suboficilaes de las Fuerzas Militares de\u00a0 Bogot\u00e1. El resultado fue 1-0 a favor del conjunto vallecaucano. La anotaci\u00f3n correspondi\u00f3 a Carlos Rodas.<\/p>\n<p>Los motilones presentaron a Wilder Mosquera, Pablo Escobar, Mauricio Duarte, Gerardo Bedoya, Alexis Ossa, Diego Espinel, Mauricio Mar\u00edn, Jos\u00e9 Lloreda, Cristian\u00a0 Cang\u00e1 y Marcos Lazaga. Miguel P\u00e9rez, Baldomero Perlaza, Jhon Garc\u00eda y Jonathan Palacios sustituyeron a Lazaga, Ossa, Vergara y Cang\u00e1.<\/p>\n<p>Cortulu\u00e1 form\u00f3 con Pablo Mina, Gustavo Rojas, Andr\u00e9s Quejada, Mart\u00edn Payares, Edwin Velazco, Cristian Ojeda, Julio Chavez, Ronald Rengifo, Vlademir Delgado, Anderson Ucross, Fernando Castillo (Carlos Rodas).<\/p>\n<p>El equipo trabajar\u00e1 ma\u00f1ana a las 7:00 a.m. y finalizada la pr\u00e1ctica, los jugadores tendr\u00e1n dos d\u00edas de receso. El 26, retornar\u00e1n a la concentraci\u00f3n para continuar con los entrenamientos.<\/p>\n<p>Los aficionados aguardan que en esta oportunidad el C\u00facuta alcance la m\u00e1xima categor\u00eda, por cuanto ene l \u00e1mbito nacional goza de favoritismo para ganar el cuadrangular A. El once fronterizo pas\u00f3 una larga temporada en la B, regres\u00f3 en el 2005, alcanz\u00f3 la primera estrella en el 2006, lleg\u00f3 a semifinales de la Copa Libertadores en el 2007 y disput\u00f3 de nuevo el torneo continental en el 2008.<\/p>\n<p>Foto:Prensa C\u00facuta Deportivo<\/p>\n<p>&nbsp; <\/p>\n","protected":false},"excerpt":{"rendered":"<p>Mientras los colombianos celebran la octava estrella de Independiente Santa Fe, los cucute\u00f1os hacen fuerza porque el C\u00facuta Deportivo alcance el nivel \u00f3ptimo para encarar el cuadrangular de enero en busca del regreso a la primera categor\u00eda del f\u00fatbol profesional colombiano. Los motilones cumplen la preparaci\u00f3n en Bogot\u00e1 y han enfrentado a varios equipos para &hellip;<\/p>\n","protected":false},"author":1,"featured_media":23217,"comment_status":"open","ping_status":"open","sticky":false,"template":"","format":"standard","meta":{"footnotes":""},"categories":[28],"tags":[192,301,1393],"class_list":["post-23216","post","type-post","status-publish","format-standard","has-post-thumbnail","hentry","category-vistazo-deportivo","tag-cucuta-deportivo","tag-futbol-profesional-colombiano","tag-motilones"],"_links":{"self":[{"href":"https:\/\/contraluzcucuta.co\/index.php?rest_route=\/wp\/v2\/posts\/23216","targetHints":{"allow":["GET"]}}],"collection":[{"href":"https:\/\/contraluzcucuta.co\/index.php?rest_route=\/wp\/v2\/posts"}],"about":[{"href":"https:\/\/contraluzcucuta.co\/index.php?rest_route=\/wp\/v2\/types\/post"}],"author":[{"embeddable":true,"href":"https:\/\/contraluzcucuta.co\/index.php?rest_route=\/wp\/v2\/users\/1"}],"replies":[{"embeddable":true,"href":"https:\/\/contraluzcucuta.co\/index.php?rest_route=%2Fwp%2Fv2%2Fcomments&post=23216"}],"version-history":[{"count":1,"href":"https:\/\/contraluzcucuta.co\/index.php?rest_route=\/wp\/v2\/posts\/23216\/revisions"}],"predecessor-version":[{"id":23218,"href":"https:\/\/contraluzcucuta.co\/index.php?rest_route=\/wp\/v2\/posts\/23216\/revisions\/23218"}],"wp:featuredmedia":[{"embeddable":true,"href":"https:\/\/contraluzcucuta.co\/index.php?rest_route=\/wp\/v2\/media\/23217"}],"wp:attachment":[{"href":"https:\/\/contraluzcucuta.co\/index.php?rest_route=%2Fwp%2Fv2%2Fmedia&parent=23216"}],"wp:term":[{"taxonomy":"category","embeddable":true,"href":"https:\/\/contraluzcucuta.co\/index.php?rest_route=%2Fwp%2Fv2%2Fcategories&post=23216"},{"taxonomy":"post_tag","embeddable":true,"href":"https:\/\/contraluzcucuta.co\/index.php?rest_route=%2Fwp%2Fv2%2Ftags&post=23216"}],"curies":[{"name":"wp","href":"https:\/\/api.w.org\/{rel}","templated":true}]}}