{"id":23200,"date":"2014-12-18T16:24:23","date_gmt":"2014-12-18T21:24:23","guid":{"rendered":"http:\/\/contraluzcucuta.co\/?p=23200"},"modified":"2014-12-18T16:24:23","modified_gmt":"2014-12-18T21:24:23","slug":"necrologias-el-adios-a-dos-auxiliares-regionales-y-ejemplares","status":"publish","type":"post","link":"https:\/\/contraluzcucuta.co\/?p=23200","title":{"rendered":"NECROLOG\u00cdAS. El adi\u00f3s a dos auxiliares regionales y ejemplares"},"content":{"rendered":"<p>1.- En un momento, cuando la integraci\u00f3n\u00a0 asume una importancia de caracter\u00edsticas trascendentes e internacionales, porque el vocablo o expresi\u00f3n tambi\u00e9n alude a cooperaci\u00f3n, solidaridad, entendimientos y perspectivas\u00a0 compartidas, un hombre de los nuestros y de actuaciones sin arrogancias, pero s\u00ed\u00a0 de grandes empe\u00f1os y en permanente b\u00fasqueda de superaci\u00f3n y de soportes para anudar y fortalecer la uni\u00f3n y el acercamiento entre los pueblos y naciones, fue llamado por el cumplimiento del tiempo se\u00f1alado para su humano trascurrir y para proseguir en la brega, pero en otras dimensiones y circunstancias.<\/p>\n<p>S\u00ed, hacemos referencia al fallecimiento del destacado periodista y figura de la prensa y de la radio Carlos Soto Castellanos, director de la revista Hoy en la Frontera, y quien adem\u00e1s se hac\u00eda participe de la necesidad de alimentar las acciones y la fortaleza espiritual, leyendo y haciendo \u00e9nfasis recordatoria y ejemplarizante sobre todo lo que sintetiza el hombre sobre la tierra y la historia de esta, desde el comienzo y la irrupci\u00f3n del Todo, teniendo por gu\u00eda la biblia y a Jesucristo.<\/p>\n<p>2.-Soto Castellanos, en una gesti\u00f3n valiosa y con aportes que buscaba con dedicaci\u00f3n\u00a0 permanente, anhelaba hacer de la revista Hoy en la Frontera, no solo el acopio de lo que se expresaba en ella, sino lo que se experimentaba en lo que hace falta o lo que apenas se proyecta, sin olvidar los logros y los pasos que surg\u00edan o se contabilizaban sobre diversos campos, rubros y materias y por actores\u00a0 que se desenvuelven en lo p\u00fablico o en lo privado.<\/p>\n<p>Y, as\u00ed, con titulares, recuentos noticiosos, entrevistas, fotograf\u00edas y actos individuales o colectivos este impulsor de la ansiada integraci\u00f3n entregaba peri\u00f3dicamente\u00a0 a la consideraci\u00f3n ciudadana el acontecer de lo que se suced\u00eda, de manera honesta, clara y dirigida a todo el conjunto, para que se dilucidara y evaluara lo que ocurr\u00eda o podr\u00eda presentarse en esa compleja y, en muchas ocasiones, esquiva presencia del fen\u00f3meno integracionista, que se pulsa y mide con mayor intensidad en las fronteras o donde hay l\u00edmites que obligan a compaginar y comprender el sentir y actuar de la otra parte, que se coaliga o se distancia.<\/p>\n<p>3.- Porque siempre lo captamos obrar con inteligencia, respeto y valoraci\u00f3n de circunstancias, y porque igualmente fue un defensor de las \u00e1reas y zonas deprimidas, como indiscutible e incuestionablemente hasta ahora lo constituyen las fronteras, porque en ellas hay mucho por hacer, pero lo que se logra es poco, rendimos testimonio de afecto y sentido reconocimiento a Carlos Soto Castellanos, porque fue fiel a su tarea y con su empe\u00f1o intento cuanto ten\u00eda a su alcance. As\u00ed, como tambi\u00e9n \u2013y, en desenvolvimiento diferente, pero igualmente informando y destacando acciones y personas- lo cumpliera Herrerita &#8211;\u00a0 s\u00ed,\u00a0 F\u00e9lix Hernando Herrera Arias -, el constante, amable\u00a0 y leal fot\u00f3grafo de La Opini\u00f3n, recientemente fallecido y que constituy\u00f3 \u2013con\u00a0 su partida y adi\u00f3s- otra gran \u00a0p\u00e9rdida para la regi\u00f3n y la frontera.<\/p>\n<p>Para las respectivas familias y allegados, nuestro permanente recuerdo, porque constituyeron ejemplos del buen obrar y de la atenci\u00f3n a lo principal, en esa dif\u00edcil, controvertida y a veces no bien entendida\u00a0 tarea de ser y de informar, orientar y perseverar en el hallazgo de lo mejor para todos.<\/p>\n<p><strong>JOS\u00c9 NEIRA REY<\/strong><\/p>\n<p><strong>\u00a0Foto: LA OPINI\u00d3N<\/strong><\/p>\n<p>&nbsp;<\/p>\n<p>&nbsp; <\/p>\n","protected":false},"excerpt":{"rendered":"<p>1.- En un momento, cuando la integraci\u00f3n\u00a0 asume una importancia de caracter\u00edsticas trascendentes e internacionales, porque el vocablo o expresi\u00f3n tambi\u00e9n alude a cooperaci\u00f3n, solidaridad, entendimientos y perspectivas\u00a0 compartidas, un hombre de los nuestros y de actuaciones sin arrogancias, pero s\u00ed\u00a0 de grandes empe\u00f1os y en permanente b\u00fasqueda de superaci\u00f3n y de soportes para anudar &hellip;<\/p>\n","protected":false},"author":1,"featured_media":23201,"comment_status":"open","ping_status":"open","sticky":false,"template":"","format":"standard","meta":{"footnotes":""},"categories":[14,4],"tags":[1949,1519,1948],"class_list":["post-23200","post","type-post","status-publish","format-standard","has-post-thumbnail","hentry","category-articulistas","category-barra","tag-carlos-soto","tag-hernando-herrera","tag-necrologias-cucutenas"],"_links":{"self":[{"href":"https:\/\/contraluzcucuta.co\/index.php?rest_route=\/wp\/v2\/posts\/23200","targetHints":{"allow":["GET"]}}],"collection":[{"href":"https:\/\/contraluzcucuta.co\/index.php?rest_route=\/wp\/v2\/posts"}],"about":[{"href":"https:\/\/contraluzcucuta.co\/index.php?rest_route=\/wp\/v2\/types\/post"}],"author":[{"embeddable":true,"href":"https:\/\/contraluzcucuta.co\/index.php?rest_route=\/wp\/v2\/users\/1"}],"replies":[{"embeddable":true,"href":"https:\/\/contraluzcucuta.co\/index.php?rest_route=%2Fwp%2Fv2%2Fcomments&post=23200"}],"version-history":[{"count":1,"href":"https:\/\/contraluzcucuta.co\/index.php?rest_route=\/wp\/v2\/posts\/23200\/revisions"}],"predecessor-version":[{"id":23202,"href":"https:\/\/contraluzcucuta.co\/index.php?rest_route=\/wp\/v2\/posts\/23200\/revisions\/23202"}],"wp:featuredmedia":[{"embeddable":true,"href":"https:\/\/contraluzcucuta.co\/index.php?rest_route=\/wp\/v2\/media\/23201"}],"wp:attachment":[{"href":"https:\/\/contraluzcucuta.co\/index.php?rest_route=%2Fwp%2Fv2%2Fmedia&parent=23200"}],"wp:term":[{"taxonomy":"category","embeddable":true,"href":"https:\/\/contraluzcucuta.co\/index.php?rest_route=%2Fwp%2Fv2%2Fcategories&post=23200"},{"taxonomy":"post_tag","embeddable":true,"href":"https:\/\/contraluzcucuta.co\/index.php?rest_route=%2Fwp%2Fv2%2Ftags&post=23200"}],"curies":[{"name":"wp","href":"https:\/\/api.w.org\/{rel}","templated":true}]}}