{"id":23194,"date":"2014-12-18T15:10:37","date_gmt":"2014-12-18T20:10:37","guid":{"rendered":"http:\/\/contraluzcucuta.co\/?p=23194"},"modified":"2014-12-22T20:19:34","modified_gmt":"2014-12-23T01:19:34","slug":"reintegracion-1307-desmovilizados-en-norte-de-santander-en-11-anos","status":"publish","type":"post","link":"https:\/\/contraluzcucuta.co\/?p=23194","title":{"rendered":"REINTEGRACI\u00d3N. 1307 desmovilizados en Norte de Santander, en 11 a\u00f1os"},"content":{"rendered":"<p><strong>BOGOT\u00c1.-<\/strong> 1164 hombres y mujeres han ingresado en Norte de Santander al Proceso de Reintegraci\u00f3n. Las cuentas se llevan desde el 2003 -a\u00f1o en el que inici\u00f3 la atenci\u00f3n a la poblaci\u00f3n desmovilizada de grupos armados ilegales en Colombia- hasta septiembre 2014.<\/p>\n<p>En el pa\u00eds se han desmovilizado 56.903 miembros de los grupos armados ilegales. De ese grupo, 47.770 han ingresado al programa de la Agencia Colombiana para la Reintegraci\u00f3n y 7810 han terminado el proceso de reintegraci\u00f3n y aportan a la construcci\u00f3n de paz.<\/p>\n<p>En el departamento se llevan las siguientes cifras:<\/p>\n<p>1.- Desmovilizados: 1307<\/p>\n<p>2.- Han finalizado el proceso de reintegraci\u00f3n: 250<\/p>\n<p>3.- En reintegraci\u00f3n que desarrollan o desarrollaron acciones de servicio social: 611.<\/p>\n<p>El trabajo de la Agencia est\u00e1 distribuido en 34 sedes en el pa\u00eds. La reintegraci\u00f3n continu\u00f3 con el proceso de fortalecimiento e innovaci\u00f3n para apoyar la sostenibilidad de los desmovilizados de los grupos armados ilegales que, de manera voluntaria, optan por reconstruir el proyecto de vida con el acompa\u00f1amiento del Gobierno.<\/p>\n<p>Joshua Mitrotti, director general de la ACR, lleg\u00f3 al cargo en noviembre, en remplazo de Alejandro Eder. Los retos de la entidad, de cara al 2015, son:<\/p>\n<p>1.- Reducir la estigmatizaci\u00f3n por parte de la sociedad colombiana hacia la poblaci\u00f3n desmovilizada<\/p>\n<p>2.- Lograr la estabilidad jur\u00eddica para los desmovilizados y el proceso<\/p>\n<p>3.- Profundizar la regionalizaci\u00f3n de la pol\u00edtica de reintegraci\u00f3n<\/p>\n<p>4.- Innovar en las acciones que componen el proceso.<\/p>\n<p>La ACR se ha dedicado a apoyar a los desmovilizados que est\u00e1n activas en el proceso de reintegraci\u00f3n y a las familias, y a promover la prevenci\u00f3n del reclutamiento infantil por medio de programas como \u2018Mambr\u00fa no va a la guerra, este es otro cuento\u2019, que lleg\u00f3 a 1350 beneficiarios, en 9 municipios del pa\u00eds.<\/p>\n<p>En el 2014, el trabajo de la ACR se concentr\u00f3 en el dise\u00f1o de metodolog\u00edas para la reintegraci\u00f3n, con enfoques diferenciales, destac\u00e1ndose el del Proceso de Reintegraci\u00f3n Especial de Justicia y Paz, para desmovilizadas que terminan las condenas en c\u00e1rceles y acogidas por la Ley\u00a0 975 de 2005 (Ley de Justicia y Paz).<\/p>\n<p>Tambi\u00e9n, continu\u00f3 con el trabajo enfocado en la aplicaci\u00f3n de la Ley 1424 de 2010, que cobija a los desmovilizados de las Autodefensas Unidas de Colombia (Auc), otorg\u00e1ndoles beneficios jur\u00eddicos. M\u00e1s de 100 jueces de la rep\u00fablica recibieron capacitaci\u00f3n en la aplicaci\u00f3n de la ley. Se tramitaron 5500 solicitudes de beneficios jur\u00eddicos para los que se acogieron a los compromisos de la norma.<\/p>\n<p>Uno de los retos de la Agencia es acompa\u00f1ar a los desmovilizados, por medio de la dimensi\u00f3n productiva, en el aspecto laboral o de generaci\u00f3n de ingresos. Sobre esta misi\u00f3n, en el 2014, se report\u00f3 que se han efectuado 2876 acciones de formaci\u00f3n complementaria para el trabajo; se han invertido $ 21.000 millones en el tr\u00e1mite de proyectos de generaci\u00f3n de ingresos para beneficiar a 3320 desmovilizados en proceso de reintegraci\u00f3n y a las familias.<\/p>\n<p>En el 2014,\u00a0 623 en proceso de reintegraci\u00f3n fueron vinculados a ofertas educativas tituladas en los niveles auxiliar (22), operario (81), t\u00e9cnico (434), t\u00e9cnico\u00a0 profesional\u00a0 (26) y tecnol\u00f3gico (120). En cuanto a la adquisici\u00f3n de vivienda propia, el 37,75 por ciento de la poblaci\u00f3n desmovilizada activa en el proceso de reintegraci\u00f3n (30.000), reporta tener casa propia o familiar.<\/p>\n<p><strong>Foto: Archivo Comunicaciones ACR.<\/strong> <\/p>\n","protected":false},"excerpt":{"rendered":"<p>BOGOT\u00c1.- 1164 hombres y mujeres han ingresado en Norte de Santander al Proceso de Reintegraci\u00f3n. Las cuentas se llevan desde el 2003 -a\u00f1o en el que inici\u00f3 la atenci\u00f3n a la poblaci\u00f3n desmovilizada de grupos armados ilegales en Colombia- hasta septiembre 2014. En el pa\u00eds se han desmovilizado 56.903 miembros de los grupos armados ilegales. &hellip;<\/p>\n","protected":false},"author":1,"featured_media":23195,"comment_status":"open","ping_status":"open","sticky":false,"template":"","format":"standard","meta":{"footnotes":""},"categories":[5,32],"tags":[1332,1945,1944],"class_list":["post-23194","post","type-post","status-publish","format-standard","has-post-thumbnail","hentry","category-justicia-transicional","category-recorrido-por-la-region","tag-agencia-colombiana-para-la-reintegracion","tag-desmovilizados-en-norte-de-santander","tag-reinsertados-en-norte-de-santander"],"_links":{"self":[{"href":"https:\/\/contraluzcucuta.co\/index.php?rest_route=\/wp\/v2\/posts\/23194","targetHints":{"allow":["GET"]}}],"collection":[{"href":"https:\/\/contraluzcucuta.co\/index.php?rest_route=\/wp\/v2\/posts"}],"about":[{"href":"https:\/\/contraluzcucuta.co\/index.php?rest_route=\/wp\/v2\/types\/post"}],"author":[{"embeddable":true,"href":"https:\/\/contraluzcucuta.co\/index.php?rest_route=\/wp\/v2\/users\/1"}],"replies":[{"embeddable":true,"href":"https:\/\/contraluzcucuta.co\/index.php?rest_route=%2Fwp%2Fv2%2Fcomments&post=23194"}],"version-history":[{"count":1,"href":"https:\/\/contraluzcucuta.co\/index.php?rest_route=\/wp\/v2\/posts\/23194\/revisions"}],"predecessor-version":[{"id":23196,"href":"https:\/\/contraluzcucuta.co\/index.php?rest_route=\/wp\/v2\/posts\/23194\/revisions\/23196"}],"wp:featuredmedia":[{"embeddable":true,"href":"https:\/\/contraluzcucuta.co\/index.php?rest_route=\/wp\/v2\/media\/23195"}],"wp:attachment":[{"href":"https:\/\/contraluzcucuta.co\/index.php?rest_route=%2Fwp%2Fv2%2Fmedia&parent=23194"}],"wp:term":[{"taxonomy":"category","embeddable":true,"href":"https:\/\/contraluzcucuta.co\/index.php?rest_route=%2Fwp%2Fv2%2Fcategories&post=23194"},{"taxonomy":"post_tag","embeddable":true,"href":"https:\/\/contraluzcucuta.co\/index.php?rest_route=%2Fwp%2Fv2%2Ftags&post=23194"}],"curies":[{"name":"wp","href":"https:\/\/api.w.org\/{rel}","templated":true}]}}