{"id":23186,"date":"2014-12-17T04:43:51","date_gmt":"2014-12-17T09:43:51","guid":{"rendered":"http:\/\/contraluzcucuta.co\/?p=23186"},"modified":"2014-12-17T04:52:11","modified_gmt":"2014-12-17T09:52:11","slug":"hernando-herrera-un-ser-humano-noble-y-autentico","status":"publish","type":"post","link":"https:\/\/contraluzcucuta.co\/?p=23186","title":{"rendered":"HERNANDO HERRERA. \u00a0Un ser humano noble y aut\u00e9ntico"},"content":{"rendered":"<p><strong>C\u00daCUTA<\/strong>.- \u201cMorir no es sorprendente, o no es un hecho extra\u00f1o o excepcional\u201d, dijo Cicer\u00f3n Fl\u00f3rez en el homenaje de despedida a <a href=\"https:\/\/contraluzcucuta.co\/articulos\/hernando-herrera-el-reportero-que-se-enamoro-de-la-cruel-realidad-q-e-p-d\/\">Hernando Herrera<\/a>, en la Catedral de San Jos\u00e9. El reportero gr\u00e1fico muri\u00f3 el 15 de diciembre, en C\u00facuta.<\/p>\n<p>En la ceremonia religiosa, presidida por el presb\u00edtero Juan Carlos Calder\u00f3n, se dio el \u00faltimo adi\u00f3s a este hombre que aprendi\u00f3 a trabajar a los 17 a\u00f1os, cuando ingres\u00f3 al peri\u00f3dico La Opini\u00f3n. \u201cHay tiempo de nacer y tiempo de morir\u201d, record\u00f3 Cicer\u00f3n al rememorar a Jorge Manrique, quien \u201cnos ense\u00f1\u00f3 en sentencia po\u00e9tica que \u2018nuestras vidas son los r\u00edos que van a dar a la mar, que es el morir\u2019.<\/p>\n<p>La Alcald\u00eda le otorg\u00f3 a Hernando Herrera la condecoraci\u00f3n \u2018Juana Rangel de Cu\u00e9llar\u2019, en categor\u00eda especial. La distinci\u00f3n la entreg\u00f3 Jos\u00e9 Henry Duarte, secretario de despacho, y la recibi\u00f3 Cristian Herrera. En el decreto se destacaron algunos de los trabajos excepcionales del reportero gr\u00e1fico, quien \u201csin duda, contribuy\u00f3 a consolidar la historia de la ciudad en el presente siglo\u201d.<\/p>\n<p>Las palabras de Cicer\u00f3n Fl\u00f3rez son las siguientes:<\/p>\n<p>\u201cLa partida de un ser querido, de un amigo, o de un ser que se gan\u00f3 nuestra admiraci\u00f3n o con quien compartimos ideas y sue\u00f1os, nos duele y nos desgarra. Como lo es con Hernando Herrera. \u00c9l hizo parte de nuestras vidas, no solamente por la relaci\u00f3n laboral en La Opini\u00f3n, que nos vincul\u00f3, sino tambi\u00e9n por la amistad y por todo lo que juntos nos correspondi\u00f3 asumir.<\/p>\n<p>\u201cReportero de La Opini\u00f3n durante casi medio siglo, Hernando Herrera hizo carrera que deja huella. Sus fotograf\u00edas configuran un repertorio informativo que es parte de la historia regional. All\u00ed hay de todo. Es un legado para preservar.<\/p>\n<p>\u201cY, adem\u00e1s fue un ser humano noble y aut\u00e9ntico. No tuvo posturas mezquinas, ni recurri\u00f3 al recurso de la intriga o del menosprecio. Su existencia fue la afirmaci\u00f3n de la convivencia y de la decencia.<\/p>\n<p>\u201cHernando Herrera deja un nombre perdurable\u201d.<\/p>\n<p>Foto: www.contraluzcucuta.co <\/p>\n","protected":false},"excerpt":{"rendered":"<p>C\u00daCUTA.- \u201cMorir no es sorprendente, o no es un hecho extra\u00f1o o excepcional\u201d, dijo Cicer\u00f3n Fl\u00f3rez en el homenaje de despedida a Hernando Herrera, en la Catedral de San Jos\u00e9. El reportero gr\u00e1fico muri\u00f3 el 15 de diciembre, en C\u00facuta. En la ceremonia religiosa, presidida por el presb\u00edtero Juan Carlos Calder\u00f3n, se dio el \u00faltimo &hellip;<\/p>\n","protected":false},"author":1,"featured_media":23185,"comment_status":"open","ping_status":"open","sticky":false,"template":"","format":"standard","meta":{"footnotes":""},"categories":[10],"tags":[1519,1931],"class_list":["post-23186","post","type-post","status-publish","format-standard","has-post-thumbnail","hentry","category-cronicas","tag-hernando-herrera","tag-hernando-herrera-fotografo-de-la-opinion"],"_links":{"self":[{"href":"https:\/\/contraluzcucuta.co\/index.php?rest_route=\/wp\/v2\/posts\/23186","targetHints":{"allow":["GET"]}}],"collection":[{"href":"https:\/\/contraluzcucuta.co\/index.php?rest_route=\/wp\/v2\/posts"}],"about":[{"href":"https:\/\/contraluzcucuta.co\/index.php?rest_route=\/wp\/v2\/types\/post"}],"author":[{"embeddable":true,"href":"https:\/\/contraluzcucuta.co\/index.php?rest_route=\/wp\/v2\/users\/1"}],"replies":[{"embeddable":true,"href":"https:\/\/contraluzcucuta.co\/index.php?rest_route=%2Fwp%2Fv2%2Fcomments&post=23186"}],"version-history":[{"count":1,"href":"https:\/\/contraluzcucuta.co\/index.php?rest_route=\/wp\/v2\/posts\/23186\/revisions"}],"predecessor-version":[{"id":23187,"href":"https:\/\/contraluzcucuta.co\/index.php?rest_route=\/wp\/v2\/posts\/23186\/revisions\/23187"}],"wp:attachment":[{"href":"https:\/\/contraluzcucuta.co\/index.php?rest_route=%2Fwp%2Fv2%2Fmedia&parent=23186"}],"wp:term":[{"taxonomy":"category","embeddable":true,"href":"https:\/\/contraluzcucuta.co\/index.php?rest_route=%2Fwp%2Fv2%2Fcategories&post=23186"},{"taxonomy":"post_tag","embeddable":true,"href":"https:\/\/contraluzcucuta.co\/index.php?rest_route=%2Fwp%2Fv2%2Ftags&post=23186"}],"curies":[{"name":"wp","href":"https:\/\/api.w.org\/{rel}","templated":true}]}}