{"id":23177,"date":"2014-12-17T04:20:02","date_gmt":"2014-12-17T09:20:02","guid":{"rendered":"http:\/\/contraluzcucuta.co\/?p=23177"},"modified":"2014-12-18T15:16:11","modified_gmt":"2014-12-18T20:16:11","slug":"gramalote-4-anos-despues-van-a-hacer-a-gramalote-si-no-vayanse","status":"publish","type":"post","link":"https:\/\/contraluzcucuta.co\/?p=23177","title":{"rendered":"GRAMALOTE, 4 A\u00d1OS DESPU\u00c9S. \u201c\u00bfVan a hacer a Gramalote? Si no, v\u00e1yanse&#8221;"},"content":{"rendered":"<p><strong>C\u00daCUTA.-<\/strong> Roberto es un campesino rancio, sincero, forjado en las parcelas gramaloteras, descendiente de los Pe\u00f1aranda, frentero y sin problemas para hablar. Al terciar por el lugar perfecto para el reasentamiento de Gramalote, cuatro a\u00f1os despu\u00e9s de la tragedia, tiene las ideas claras y las explicaciones a pedir de boca. \u00a0Responde sin mayores esfuerzos, porque est\u00e1 convencido de lo que dice.<\/p>\n<p>\u201cEl sitio ideal es Miraflores, ah\u00ed nos conviene a todos. Es central, m\u00e1s o menos como era Gramalote\u201d, dijo con la seguridad del que sabe para evitar malos entendidos o tergiversaciones.\u00a0 \u201cSoy uno de los que m\u00e1s apoya el proyecto y hablo bien, pero en la realidad cada vez lo veo m\u00e1s lejos, distante. Hay tant\u00edsimos pretextos para no empezar\u201d.<\/p>\n<p>La discusi\u00f3n no se detiene en torno al espacio que ocupar\u00e1 el nuevo municipio, a pesar de que el Gobierno tom\u00f3 una determinaci\u00f3n. Los que hablan de Gramalote en un lugar distinto al escogido en Bogot\u00e1 y respaldado por la Gobernaci\u00f3n de Norte de Santander \u201csue\u00f1an con un pueblo para ellos, no para los agricultores, para los productores del campo\u201d.<\/p>\n<p>Est\u00e1 convencido de que a los que pelean porque el pueblo se construya en Pomarroso\u00a0 solo los siguen los empleados, esos que aspiran a una pensi\u00f3n. \u201cLos pensionados sue\u00f1an con vivir en Pomarroso, sin importarles que El Zumbador queda a cuatro horas, que San Jorge queda\u00a0 a ocho horas, que El Cedral, El Triunfo y F\u00e1tima quedan a cinco y seis horas \u00a0de distancia. No les importa el campo, ni la tierra, sino que les quede cerca a C\u00facuta\u201d.<\/p>\n<p>Corrobora esa cr\u00edtica con hechos concretos. La sede de la Alcald\u00eda, el centro de salud y el centro de acopio los construyeron a 35 minutos de C\u00facuta. \u201cLos de all\u00e1 nos han dejado solos. Que venga alguien a demostrarme lo contrario. La Cruz Roja, la Di\u00f3cesis, se acomodaron para estar cerquita a C\u00facuta, sin importarles los campesinos\u201d.<\/p>\n<p>De Valderrama dijo que es el sitio m\u00e1s hermoso que tiene Gramalote despu\u00e9s de El Zumbador y El Cedral, con un paisaje que se ve desde el antiguo edificio del Banco de la Rep\u00fablica. Es lo mejor para disfrutar un paisaje, ver a C\u00facuta, vivir ech\u00e1ndose aire fresco, pero lejos de las zonas productivas, es el concepto de este hombre que reparte el tiempo entre las labores en la finca y la defensa de sus paisanos.<\/p>\n<p>Para los del Fondo Adaptaci\u00f3n tambi\u00e9n alcanzaron las palabras duras. El trabajo que cumple el organismo capitalino \u201ces una burla, una tomadura de pelo y nadie se pellizca. La alcaldesa vive pegada al Fondo, no tiene sentido de pertenencia, y el Personero no defiende al pueblo\u201d.<\/p>\n<p>Y tiene una pregunta para los gramaloteros \u201c\u00bfD\u00f3nde est\u00e1 la esperanza de que el proyecto empezar\u00e1 ma\u00f1ana?\u201d, y la respuesta surge de inmediato, \u201cest\u00e1 lejos, pero creo en el Gobierno\u201d. Est\u00e1 convencido de que las dilataciones en el proyecto tienen un solo sentido \u201cque nos mamemos\u201d. El reclamo es para el director del Fondo, porque \u201csi nos pusiera la cara le dir\u00edamos \u2018d\u00edganos la verdad \u00bfvan a hacer a Gramalote? Si no, v\u00e1yanse, d\u00e9jenos solos\u201d.<\/p>\n<p>La historia le ense\u00f1\u00f3 que a Gramalote no lo construyeron ni Manuel Mar\u00eda Mallarino, ni Rafael Reyes, ni nadie. \u201cLo hicieron los gramaloteros con picas y palas. Somos capaces de construir el pueblo. Si no nos lo van a hacer, no nos tomen m\u00e1s el pelo\u201d.<\/p>\n<p>Ese coraje es heredado de los hombres que combatieron en la Guerra de los Mil D\u00edas. En esa batalla memorable \u201cno fueron los comunistas, ni los conservadores, sino los gramaloteros los que salieron con machetes y palos para no dejar entrar a los liberales\u201d al pueblo. De ah\u00ed que Roberto hable duro, sin temor, sin miedo a represalias.<\/p>\n<p>La historia tambi\u00e9n cuenta que en Gramalote comenz\u00f3 el cultivo del caf\u00e9, pero Salazar de las Palmas se qued\u00f3 con la fama. Hubo gente que hizo plata con el grano, a mediados del siglo 19. Llegaron italianos y turcos y amasaron fortuna. Todo ese dinero, cuando hubo la apertura comercial de C\u00facuta, se fue para la capital del departamento. Los grandes capitales hechos en Gramalote est\u00e1n invertidos en caba\u00f1as en Chin\u00e1cota, Villa del Rosario, Bochalema y Los Patios; en chircales y en almacenes de C\u00facuta.<\/p>\n<p>\u201cDe Gramalote salieron los ricos y se quedaron lo pobres. Hay gramaloteros que salieron hace 40 a\u00f1os y dicen \u2018yo s\u00ed quiero a Gramalote\u2019, pero no volvieron. Nadie invirti\u00f3 en Gramalote. Los que hac\u00edan plata volaban y ahora vienen con el cuento que lo aman y lo adoran\u201d.<\/p>\n<p>No deja pasar la oportunidad para afirmar, \u201cde verdad, verdad\u201d, que son escasos los que sienten a Gramalote. \u201cQui\u00e9nes pelean por el municipio son los de abajo. Los que ten\u00edan fortuna no est\u00e1n, los que vivieron de la pol\u00edtica no est\u00e1n, ni vienen a nada de los gramaloteros\u201d.<\/p>\n<p>Roberto Pe\u00f1aranda da por terminada la charla. En la biblioteca p\u00fablica Julio P\u00e9rez Ferrero, de C\u00facuta, participa en la feria microempresarial organizada para los productores gramaloteros. Llev\u00f3 caf\u00e9 cultivado en la finca, mont\u00f3 una greca y reparti\u00f3 tinto. \u201cSe nos cay\u00f3 el pueblo, se nos cay\u00f3 la econom\u00eda y seguimos pagando impuestos\u201d, hizo la sentencia y se levant\u00f3 de la silla para ir al sal\u00f3n a atender a los clientes.<\/p>\n<p><strong>RAFAEL ANTONIO PAB\u00d3N<\/strong><\/p>\n<p><a href=\"mailto:Rafaelpabon58@hotmail.com\"><strong>Rafaelpabon58@hotmail.com<\/strong><\/a><\/p>\n<p><strong>Foto: <\/strong><a href=\"http:\/\/www.contraluzcucuta.co\"><strong>www.contraluzcucuta.co<\/strong><\/a> <\/p>\n","protected":false},"excerpt":{"rendered":"<p>C\u00daCUTA.- Roberto es un campesino rancio, sincero, forjado en las parcelas gramaloteras, descendiente de los Pe\u00f1aranda, frentero y sin problemas para hablar. Al terciar por el lugar perfecto para el reasentamiento de Gramalote, cuatro a\u00f1os despu\u00e9s de la tragedia, tiene las ideas claras y las explicaciones a pedir de boca. \u00a0Responde sin mayores esfuerzos, porque &hellip;<\/p>\n","protected":false},"author":1,"featured_media":23178,"comment_status":"open","ping_status":"open","sticky":false,"template":"","format":"standard","meta":{"footnotes":""},"categories":[556,45],"tags":[13,153,1938],"class_list":["post-23177","post","type-post","status-publish","format-standard","has-post-thumbnail","hentry","category-departamento","category-destacado","tag-gramalote","tag-nuevo-gramalote","tag-tragedia-en-gramalote"],"_links":{"self":[{"href":"https:\/\/contraluzcucuta.co\/index.php?rest_route=\/wp\/v2\/posts\/23177","targetHints":{"allow":["GET"]}}],"collection":[{"href":"https:\/\/contraluzcucuta.co\/index.php?rest_route=\/wp\/v2\/posts"}],"about":[{"href":"https:\/\/contraluzcucuta.co\/index.php?rest_route=\/wp\/v2\/types\/post"}],"author":[{"embeddable":true,"href":"https:\/\/contraluzcucuta.co\/index.php?rest_route=\/wp\/v2\/users\/1"}],"replies":[{"embeddable":true,"href":"https:\/\/contraluzcucuta.co\/index.php?rest_route=%2Fwp%2Fv2%2Fcomments&post=23177"}],"version-history":[{"count":1,"href":"https:\/\/contraluzcucuta.co\/index.php?rest_route=\/wp\/v2\/posts\/23177\/revisions"}],"predecessor-version":[{"id":23179,"href":"https:\/\/contraluzcucuta.co\/index.php?rest_route=\/wp\/v2\/posts\/23177\/revisions\/23179"}],"wp:featuredmedia":[{"embeddable":true,"href":"https:\/\/contraluzcucuta.co\/index.php?rest_route=\/wp\/v2\/media\/23178"}],"wp:attachment":[{"href":"https:\/\/contraluzcucuta.co\/index.php?rest_route=%2Fwp%2Fv2%2Fmedia&parent=23177"}],"wp:term":[{"taxonomy":"category","embeddable":true,"href":"https:\/\/contraluzcucuta.co\/index.php?rest_route=%2Fwp%2Fv2%2Fcategories&post=23177"},{"taxonomy":"post_tag","embeddable":true,"href":"https:\/\/contraluzcucuta.co\/index.php?rest_route=%2Fwp%2Fv2%2Ftags&post=23177"}],"curies":[{"name":"wp","href":"https:\/\/api.w.org\/{rel}","templated":true}]}}