{"id":23174,"date":"2014-12-17T04:11:15","date_gmt":"2014-12-17T09:11:15","guid":{"rendered":"http:\/\/contraluzcucuta.co\/?p=23174"},"modified":"2014-12-18T15:07:14","modified_gmt":"2014-12-18T20:07:14","slug":"gramalote-4-anos-despues-industrias-con-mano-de-obra-gramalotera","status":"publish","type":"post","link":"https:\/\/contraluzcucuta.co\/?p=23174","title":{"rendered":"GRAMALOTE, 4 A\u00d1OS DESPU\u00c9S. Industrias con mano de obra gramalotera"},"content":{"rendered":"<p><strong>C\u00daCUTA.-<\/strong> Los gramaloteros no pueden olvidar lo ocurrido el 17 de diciembre de 2010. Vivir\u00e1n con ese recuerdo por el resto de sus d\u00edas y llevar\u00e1n a cuestas el sufrimiento causado por la tragedia natural. Sin embargo, est\u00e1n decididos a sobresalir y a trabajar para ganarse el \u2018pan con el sudor de la frente\u2019, as\u00ed no sea en las labores propias del campo que los vio nacer y crecer.<\/p>\n<p>En los \u00faltimos cuatro a\u00f1os han recibido capacitaci\u00f3n sobre el montaje de microempresas y han tomado los ejemplos como proyectos de vida. \u00a0D\u00edas atr\u00e1s, como pre\u00e1mbulo a la conmemoraci\u00f3n de aquella fecha aciaga, llegaron a C\u00facuta desde varias veredas de Gramalote y desempacaron la mercanc\u00eda que producen y que van desde las hayacas hasta el champ\u00fa para el carro.<\/p>\n<p>En medio de un ambiente festivo y protegidos del sol, dejaron ver las muestras de los productos, ofrecieron al p\u00fablico y vendieron en la ciudad a precios de campo. Huevos envueltos, manualidades, tejidos, canastas en bejuco\u00a0 camir\u00ed, jaleas, vinos de frutas y ropa conformaron la exhibici\u00f3n en la biblioteca p\u00fablica Julio P\u00e9rez Ferrero.<\/p>\n<p>Cada quien se acomod\u00f3 d\u00f3nde quiso y tendi\u00f3 el catre para ofrecer las mercanc\u00edas.<\/p>\n<p><strong>EDGAR NI\u00d1O<\/strong><\/p>\n<p>Produce vino de Naranja, mandarina, mora, lulo, cereza, fresa y tomate de \u00e1rbol, que requiere, m\u00ednimo, de un a\u00f1o de a\u00f1ejamiento. Es una bebida natural, solo contiene az\u00facar, jugo y levadura. Pasa un a\u00f1o guardado en las bodegas en Gramalote \u00a0a una temperatura de 20 a 22 grados cent\u00edgrados, que le dan la exquisitez del vino. Las frutas se cultivan en en el campo gramalotero. Una artesan\u00eda en bejuco camir\u00ed adorna la botella, que complementa la copa de calabazo y algo de fique. \u201cQuien lo prueba, seguro lleva la botella, porque es rico el sabor. Pura mano de obra gramalotera\u201d.<\/p>\n<p><strong>CLAUDIA RAM\u00cdREZ<\/strong><\/p>\n<p>En casa, antes de la tragedia, ten\u00edan un pesebre llamativo. Hace tres a\u00f1os, tom\u00f3 la decisi\u00f3n de trabajar manualidades para recordar ese bien preciado que se perdi\u00f3 entre las ruinas. Elabora casas en icopor y cart\u00f3n, y pozos en piedra y cart\u00f3n. \u201cPuro talento gramalotero\u201d.<\/p>\n<p>MARIA DOLORES OREJUELA<\/p>\n<p>Las jaleas gramaloteras, como las del resto del pa\u00eds, tienen como materia prima la mano de res. El proceso largo lo aprendi\u00f3 de la madre y hoy lo revive para seguir la tradici\u00f3n. Vive en la vereda Boyac\u00e1.<\/p>\n<p><strong>ANA PAOLA<\/strong><\/p>\n<p>Tiene 7 a\u00f1os. Es la microempresaria m\u00e1s peque\u00f1a, y como los adultos, tiene la ilusi\u00f3n de avanzar para no ponerle talanqueras a la vida. Hace manillas con ligas de caucho y las ofrece el mejor de los vendedores venidos desde su municipio.<\/p>\n<p><strong>DORIS APONTE<\/strong><\/p>\n<p>Las manualidades exhibidas aqu\u00ed tienen una particularidad, \u201cse hacen con mucho amor para que queden bonitas\u201d. Para la elaboraci\u00f3n solo requiere de de imaginaci\u00f3n y carisma. Siempre le ha gustado la artesan\u00eda. \u00a0Antes de la tragedia trabajaba en este campo en la vereda Santa Teresita.<\/p>\n<p><strong>ALIX MARINA VARGAS<\/strong><\/p>\n<p>Las creaciones para damas y ni\u00f1os, y deportivas nacieron del programa J\u00f3venes Rurales, impartido por el Sena. Hace tres meses termin\u00f3 el curso y el organismo oficial les dio el material, a manera de plante, para que trabajen. Antes de la tragedia permanec\u00eda en casa. El curso le permiti\u00f3 hacer las confecciones<\/p>\n<p><strong>ALIX C\u00c1RDENAS<\/strong><\/p>\n<p>Canastos para restaurantes y para Navidad, cofres, gallinitas, bandejas y de toda clase de productos en bejuco camir\u00ed, que se consigue silvestre en el campo. Le dan la muestra y hace el producto. Hace 25 a\u00f1os, se dedica a esta labor. Est\u00e1 acostumbrada y no ve el proceso dif\u00edcil. La ense\u00f1\u00f3 la mam\u00e1.<\/p>\n<p><strong>SANDRA RIVEROS<\/strong><\/p>\n<p>Es la representante de la f\u00e1brica de ambientadores para pisos, jabones l\u00edquidos y champ\u00fa para carros. La producci\u00f3n demora una hora. Las f\u00e1bricas est\u00e1n repartidas entre gramalote y C\u00facuta (ciudadela La Libertad).<\/p>\n<p>Mediante una estrategia de formaci\u00f3n con las Damas Grises surgi\u00f3 la idea de la empresa. La l\u00ednea de aseo naci\u00f3 en la capacitaci\u00f3n. Es rentable trabajar en este campo. La idea es crecer.<\/p>\n<p><strong>RAFAEL ANTONIO PAB\u00d3N<\/strong><\/p>\n<p><strong><a href=\"mailto:rafaelpabon58@hotmail.com\">rafaelpabon58@hotmail.com<\/a><\/strong><\/p>\n<p><strong>Foto: <a href=\"http:\/\/www.contraluzcucuta.co\">www.contraluzcucuta.co<\/a><\/strong><\/p>\n<p><strong>\u00a0<\/strong><\/p>\n<p>&nbsp;<\/p>\n<p>&nbsp;<\/p>\n<p>&nbsp; <\/p>\n","protected":false},"excerpt":{"rendered":"<p>C\u00daCUTA.- Los gramaloteros no pueden olvidar lo ocurrido el 17 de diciembre de 2010. Vivir\u00e1n con ese recuerdo por el resto de sus d\u00edas y llevar\u00e1n a cuestas el sufrimiento causado por la tragedia natural. Sin embargo, est\u00e1n decididos a sobresalir y a trabajar para ganarse el \u2018pan con el sudor de la frente\u2019, as\u00ed &hellip;<\/p>\n","protected":false},"author":1,"featured_media":23175,"comment_status":"open","ping_status":"open","sticky":false,"template":"","format":"standard","meta":{"footnotes":""},"categories":[556,45],"tags":[13,153],"class_list":["post-23174","post","type-post","status-publish","format-standard","has-post-thumbnail","hentry","category-departamento","category-destacado","tag-gramalote","tag-nuevo-gramalote"],"_links":{"self":[{"href":"https:\/\/contraluzcucuta.co\/index.php?rest_route=\/wp\/v2\/posts\/23174","targetHints":{"allow":["GET"]}}],"collection":[{"href":"https:\/\/contraluzcucuta.co\/index.php?rest_route=\/wp\/v2\/posts"}],"about":[{"href":"https:\/\/contraluzcucuta.co\/index.php?rest_route=\/wp\/v2\/types\/post"}],"author":[{"embeddable":true,"href":"https:\/\/contraluzcucuta.co\/index.php?rest_route=\/wp\/v2\/users\/1"}],"replies":[{"embeddable":true,"href":"https:\/\/contraluzcucuta.co\/index.php?rest_route=%2Fwp%2Fv2%2Fcomments&post=23174"}],"version-history":[{"count":1,"href":"https:\/\/contraluzcucuta.co\/index.php?rest_route=\/wp\/v2\/posts\/23174\/revisions"}],"predecessor-version":[{"id":23176,"href":"https:\/\/contraluzcucuta.co\/index.php?rest_route=\/wp\/v2\/posts\/23174\/revisions\/23176"}],"wp:featuredmedia":[{"embeddable":true,"href":"https:\/\/contraluzcucuta.co\/index.php?rest_route=\/wp\/v2\/media\/23175"}],"wp:attachment":[{"href":"https:\/\/contraluzcucuta.co\/index.php?rest_route=%2Fwp%2Fv2%2Fmedia&parent=23174"}],"wp:term":[{"taxonomy":"category","embeddable":true,"href":"https:\/\/contraluzcucuta.co\/index.php?rest_route=%2Fwp%2Fv2%2Fcategories&post=23174"},{"taxonomy":"post_tag","embeddable":true,"href":"https:\/\/contraluzcucuta.co\/index.php?rest_route=%2Fwp%2Fv2%2Ftags&post=23174"}],"curies":[{"name":"wp","href":"https:\/\/api.w.org\/{rel}","templated":true}]}}