{"id":23171,"date":"2014-12-16T05:28:08","date_gmt":"2014-12-16T10:28:08","guid":{"rendered":"http:\/\/contraluzcucuta.co\/?p=23171"},"modified":"2014-12-18T16:29:24","modified_gmt":"2014-12-18T21:29:24","slug":"fiestas-de-navidad-piden-restringir-porte-de-armas-para-evitar-tiros-al-aire","status":"publish","type":"post","link":"https:\/\/contraluzcucuta.co\/?p=23171","title":{"rendered":"FIESTAS DE NAVIDAD. Piden restringir porte de armas para evitar tiros al aire"},"content":{"rendered":"<p><strong>C\u00daCUTA.-<\/strong> Restringir la expedici\u00f3n de permisos para uso porte y tenencia de armas de fuego durante las fiestas del 23, 24, 25, 30 y 31 de diciembre y primero de enero de 2015 solicit\u00f3 el alcalde Donamaris Ram\u00edrez al comando del Grupo Maza, en C\u00facuta. El objetivo es minimizar las cifras de lesionados por balas perdidas en esas fechas de jolgorio y algarab\u00eda.<\/p>\n<p>Mediante el Decreto 0696, del 13 de diciembre, la administraci\u00f3n municipal adopt\u00f3 medidas preventivas de seguridad para proteger a ni\u00f1os, adolescentes y adultos, \u00a0sin distingos de raza, color pol\u00edtico, credo, religi\u00f3n y estrato social.<\/p>\n<p>Los miembros de las juntas de acci\u00f3n comunal adelantar\u00e1n charlas comunitarias con el fin de instruir a los habitantes sobre los peligros y las consecuencias por el uso de armas de fuego. Algunos cucute\u00f1os tienen por costumbre hacer tiros al aire para festejar las fechas nacionales, departamentales, municipales, personales y familiares. Los ciudadanos inconformes deben denunciar esta clase de comportamientos para prevenir hechos lamentables de p\u00e9rdidas de vidas.<\/p>\n<p>En los hogares donde haya menores de edad y el jefe de hogar porte o tenga un arma de fuego con salvoconducto deben adoptarse medidas para asistir, proteger y garantizar el derecho fundamental a la vida, en cumplimiento del art\u00edculo 44 de la Constituci\u00f3n Pol\u00edtica.<\/p>\n<p>Las autoridades competentes para portar armas, municiones, explosivos y accesorios son los miembros en servicio activo de la Fuerza P\u00fablica, fiscales, jueces, gobernadores, alcaldes, inspectores de polic\u00eda, agentes, funcionarios de las Unidades de Polic\u00eda Judicial, administradores y empleados de Aduana, guardianes penitenciarios y comandantes de naves y aeronaves.<\/p>\n<p>La Polic\u00eda deber\u00e1 programar los operativos necesarios para el cumplimiento de las medidas preventivas.<\/p>\n<p>En otra disposici\u00f3n (Decreto 0697), la Alcald\u00eda modific\u00f3 los horarios para la venta de licor en establecimientos de comercio. La estrategia vigente por la temporada de fin de a\u00f1o, hasta el 19 de enero, busca prevenir los delitos e incrementar los niveles de convivencia.<\/p>\n<p>Los horarios establecidos son:<\/p>\n<p>1.- Zona tur\u00edstica. Desde el puente San Rafael hasta el Puente de Guadua, en los dos sentidos; la avenida 0; Caobos, avenida 1E, desde la calle 13 a la calle 19; avenida primera de la calle 13 a la calle 15, y calle 11 desde la avenida 0 hasta la Diagonal Santander. De lunes a jueves, de 8:00 de la ma\u00f1ana a 3:00 de la ma\u00f1ana del d\u00eda siguiente; viernes, s\u00e1bado, domingo y lunes festivo, de 8:00 de la ma\u00f1ana a 4:00\u00a0 de la ma\u00f1ana del d\u00eda siguiente.<\/p>\n<p>2.- Zona Rosa. Centro Comercial Bol\u00edvar, hasta las 5:00 de la ma\u00f1ana. \u00a024 y 31 de diciembre, se extiende a las 8:00 de la ma\u00f1ana del 25\u00a0 de diciembre y primero de enero.<\/p>\n<p>3.- Zonas de especial atenci\u00f3n. De 9:00 de la ma\u00f1ana a 9:00 de la noche, de domingo a domingo, parques Nacional y Mercedes Abrego, barrio Callej\u00f3n, La Guayabera y los alrededores de la Terminal de Trasporte, que comprende discotecas, bares, grilles, casas de lenocinio, billares, garitos y tiendas.<\/p>\n<p>Los establecimientos comerciales que venden licor para consumo en el sitio que sean generadores de perturbaci\u00f3n del orden p\u00fablico y quebrantamiento de la convivencia ciudadana, ser\u00e1n objeto de intervenci\u00f3n de la polic\u00eda y se les aplicar\u00e1 la medida correctiva de cierre hasta por siete d\u00edas.<\/p>\n<p>&nbsp;<\/p>\n<p>&nbsp;<\/p>\n<p>&nbsp; <\/p>\n","protected":false},"excerpt":{"rendered":"<p>C\u00daCUTA.- Restringir la expedici\u00f3n de permisos para uso porte y tenencia de armas de fuego durante las fiestas del 23, 24, 25, 30 y 31 de diciembre y primero de enero de 2015 solicit\u00f3 el alcalde Donamaris Ram\u00edrez al comando del Grupo Maza, en C\u00facuta. El objetivo es minimizar las cifras de lesionados por balas &hellip;<\/p>\n","protected":false},"author":1,"featured_media":23172,"comment_status":"open","ping_status":"open","sticky":false,"template":"","format":"standard","meta":{"footnotes":""},"categories":[11,36],"tags":[226,565,323,209,1937],"class_list":["post-23171","post","type-post","status-publish","format-standard","has-post-thumbnail","hentry","category-cronica-roja","category-la-voz-del-pueblo","tag-alcaldia-de-cucuta","tag-grupo-maza","tag-mecuc","tag-policia-nacional","tag-tiros-al-aire"],"_links":{"self":[{"href":"https:\/\/contraluzcucuta.co\/index.php?rest_route=\/wp\/v2\/posts\/23171","targetHints":{"allow":["GET"]}}],"collection":[{"href":"https:\/\/contraluzcucuta.co\/index.php?rest_route=\/wp\/v2\/posts"}],"about":[{"href":"https:\/\/contraluzcucuta.co\/index.php?rest_route=\/wp\/v2\/types\/post"}],"author":[{"embeddable":true,"href":"https:\/\/contraluzcucuta.co\/index.php?rest_route=\/wp\/v2\/users\/1"}],"replies":[{"embeddable":true,"href":"https:\/\/contraluzcucuta.co\/index.php?rest_route=%2Fwp%2Fv2%2Fcomments&post=23171"}],"version-history":[{"count":1,"href":"https:\/\/contraluzcucuta.co\/index.php?rest_route=\/wp\/v2\/posts\/23171\/revisions"}],"predecessor-version":[{"id":23173,"href":"https:\/\/contraluzcucuta.co\/index.php?rest_route=\/wp\/v2\/posts\/23171\/revisions\/23173"}],"wp:featuredmedia":[{"embeddable":true,"href":"https:\/\/contraluzcucuta.co\/index.php?rest_route=\/wp\/v2\/media\/23172"}],"wp:attachment":[{"href":"https:\/\/contraluzcucuta.co\/index.php?rest_route=%2Fwp%2Fv2%2Fmedia&parent=23171"}],"wp:term":[{"taxonomy":"category","embeddable":true,"href":"https:\/\/contraluzcucuta.co\/index.php?rest_route=%2Fwp%2Fv2%2Fcategories&post=23171"},{"taxonomy":"post_tag","embeddable":true,"href":"https:\/\/contraluzcucuta.co\/index.php?rest_route=%2Fwp%2Fv2%2Ftags&post=23171"}],"curies":[{"name":"wp","href":"https:\/\/api.w.org\/{rel}","templated":true}]}}