{"id":23150,"date":"2014-12-13T08:10:01","date_gmt":"2014-12-13T13:10:01","guid":{"rendered":"http:\/\/contraluzcucuta.co\/?p=23150"},"modified":"2014-12-15T15:08:00","modified_gmt":"2014-12-15T20:08:00","slug":"balance-de-corponor-pudimos-cumplir-las-metas-luis-lizcano","status":"publish","type":"post","link":"https:\/\/contraluzcucuta.co\/?p=23150","title":{"rendered":"BALANCE DE CORPONOR. \u201cPudimos cumplir las metas\u201d: Luis Lizcano"},"content":{"rendered":"<p><strong>C\u00daCUTA.-<\/strong> En un balance r\u00e1pido sobre la ejecuci\u00f3n de las labores, el director de\u00a0 la Corporaci\u00f3n Aut\u00f3noma Regional del Nororiente, Luis Lizcano, habl\u00f3 sobre\u00a0 c\u00f3mo termina el 2014 para Corponor. \u201cPudimos cumplir y ejecutar las metas de la Corporaci\u00f3n en el 80 por ciento\u201d, dijo. El informe de ejecuci\u00f3n lo aprob\u00f3 el Consejo Directivo y se envi\u00f3 al ministerio de Ambiente.<\/p>\n<p>La Contralor\u00eda, en la auditor\u00eda, calific\u00f3 la gesti\u00f3n del a\u00f1o con 82 puntos sobre 100. \u201cEstamos haciendo la tarea cada d\u00eda de la mejor manera\u201d. Para completar las buenas calificaciones en el Sistema de Gesti\u00f3n de Calidad recibieron la certificaci\u00f3n al trabajo. \u201cLo que permite que cada d\u00eda seamos m\u00e1s claros con la comunidad en el manejo de los recursos de la Corporaci\u00f3n\u201d, afirm\u00f3 el director.<\/p>\n<p>En torno a las proyecciones para el 2015,\u00a0 indic\u00f3 que seguir\u00e1n con el\u00a0 cumplimiento del Plan de Acci\u00f3n. Una de las metas propuestas es la declaratoria de dos parques nacionales regionales, en Mutiscua y Arboledas, y un \u00e1rea estrat\u00e9gica en Gramalote. \u201cCon esto queremos blindar al Nuevo Gramalote para que tenga un \u00e1rea protegida para la conservaci\u00f3n de los recurso naturales\u201d.<\/p>\n<p>El director Luis Lizcano particip\u00f3, recientemente, en el Foro regional del conflicto de usos de suelo, organizado por el Instituto Geogr\u00e1fico Agust\u00edn Codazzi. \u201cEl Igac busca crear regi\u00f3n. Disertamos sobre lo ejecutado para la conservaci\u00f3n de Santurb\u00e1n,\u00a0 y en la que tenemos delimitado y conservado el 95 por ciento\u201d. Esta cifra corresponde\u00a0 a 90.000 hect\u00e1reas que pertenecen al departamento.<\/p>\n<p>Destac\u00f3 el llamado al Foro, porque es importante empezar a hablar de regi\u00f3n para el desarrollo. En el oriente colombiano \u201ctenemos muchas similitudes, pero tenemos algunas diferencias\u00a0\u00a0 que no han permitido actuar como regi\u00f3n\u201d.<\/p>\n<p>Ojal\u00e1 el instituto, dentro de esa transversalidad que le quiere imponer al pa\u00eds, pueda tener eco en el gobierno central para que se mire esta zona como la regi\u00f3n oriental conformada por Norte de Santander, Santander, Boyac\u00e1 y Cundinamarca.<\/p>\n<p>El director de Corponor habl\u00f3 en el acto de entrega de un veh\u00edculo y herramientas a los Bomberos de C\u00facuta para permitirles combatir los incendios forestales y las inundaciones que dejan los constantes cambios clim\u00e1ticos en el departamento.<\/p>\n<p>Ocho cuerpos de bomberos de Norte de Santander reciben apoyo de la Corporaci\u00f3n Aut\u00f3noma Regional del Nororiente (Corponor). Entre las instituciones beneficiadas est\u00e1n las de C\u00facuta, Oca\u00f1a y Pamplona. Palas, picos y hachas conforman el equipo entregado a los bomberos cucute\u00f1os para atender las emergencias en corregimientos y veredas del municipio y la zona rural nortesantandereana.<\/p>\n<p>La inversi\u00f3n super\u00f3 los $ 60 millones para estos aliados de la Corporaci\u00f3n y de la comunidad, al cumplir labores para mitigar riesgos y superar calamidades.<\/p>\n<p>El teniente Carlos Monsalve, comandante de los bomberos en C\u00facuta, destac\u00f3 las bondades del veh\u00edculo recibido, adecuado con elementos indispensables para atender emergencias. \u201cLa idea es apoyar en el departamento, donde ocurran incendios\u201d. El organismo de socorro cuenta con 45 bomberos de \u00a0n\u00f3mina y 45 voluntarios.<\/p>\n<p>En el 2014, dos resultaron cr\u00edticos por la ocurrencia de incendios forestales. Entre marzo y abril, ocurrieron emergencias en Sardinata, San Cayetano, Santiago, El Zulia y C\u00facuta.<\/p>\n<p>Foto: www.contraluzcucuta.co <\/p>\n","protected":false},"excerpt":{"rendered":"<p>C\u00daCUTA.- En un balance r\u00e1pido sobre la ejecuci\u00f3n de las labores, el director de\u00a0 la Corporaci\u00f3n Aut\u00f3noma Regional del Nororiente, Luis Lizcano, habl\u00f3 sobre\u00a0 c\u00f3mo termina el 2014 para Corponor. \u201cPudimos cumplir y ejecutar las metas de la Corporaci\u00f3n en el 80 por ciento\u201d, dijo. El informe de ejecuci\u00f3n lo aprob\u00f3 el Consejo Directivo y &hellip;<\/p>\n","protected":false},"author":1,"featured_media":23151,"comment_status":"open","ping_status":"open","sticky":false,"template":"","format":"standard","meta":{"footnotes":""},"categories":[347,32],"tags":[1301,297,493,1923],"class_list":["post-23150","post","type-post","status-publish","format-standard","has-post-thumbnail","hentry","category-medio-ambiente","category-recorrido-por-la-region","tag-bomberos-de-cucuta","tag-bomberos-voluntarios-de-cucuta","tag-corponor","tag-luis-lizcano"],"_links":{"self":[{"href":"https:\/\/contraluzcucuta.co\/index.php?rest_route=\/wp\/v2\/posts\/23150","targetHints":{"allow":["GET"]}}],"collection":[{"href":"https:\/\/contraluzcucuta.co\/index.php?rest_route=\/wp\/v2\/posts"}],"about":[{"href":"https:\/\/contraluzcucuta.co\/index.php?rest_route=\/wp\/v2\/types\/post"}],"author":[{"embeddable":true,"href":"https:\/\/contraluzcucuta.co\/index.php?rest_route=\/wp\/v2\/users\/1"}],"replies":[{"embeddable":true,"href":"https:\/\/contraluzcucuta.co\/index.php?rest_route=%2Fwp%2Fv2%2Fcomments&post=23150"}],"version-history":[{"count":1,"href":"https:\/\/contraluzcucuta.co\/index.php?rest_route=\/wp\/v2\/posts\/23150\/revisions"}],"predecessor-version":[{"id":23152,"href":"https:\/\/contraluzcucuta.co\/index.php?rest_route=\/wp\/v2\/posts\/23150\/revisions\/23152"}],"wp:featuredmedia":[{"embeddable":true,"href":"https:\/\/contraluzcucuta.co\/index.php?rest_route=\/wp\/v2\/media\/23151"}],"wp:attachment":[{"href":"https:\/\/contraluzcucuta.co\/index.php?rest_route=%2Fwp%2Fv2%2Fmedia&parent=23150"}],"wp:term":[{"taxonomy":"category","embeddable":true,"href":"https:\/\/contraluzcucuta.co\/index.php?rest_route=%2Fwp%2Fv2%2Fcategories&post=23150"},{"taxonomy":"post_tag","embeddable":true,"href":"https:\/\/contraluzcucuta.co\/index.php?rest_route=%2Fwp%2Fv2%2Ftags&post=23150"}],"curies":[{"name":"wp","href":"https:\/\/api.w.org\/{rel}","templated":true}]}}