{"id":23147,"date":"2014-12-13T07:31:11","date_gmt":"2014-12-13T12:31:11","guid":{"rendered":"http:\/\/contraluzcucuta.co\/?p=23147"},"modified":"2014-12-15T14:56:09","modified_gmt":"2014-12-15T19:56:09","slug":"navidad-rumba-segura-para-la-temporada-de-fin-de-ano","status":"publish","type":"post","link":"https:\/\/contraluzcucuta.co\/?p=23147","title":{"rendered":"NAVIDAD. Rumba segura para la temporada de fin de a\u00f1o"},"content":{"rendered":"<p><strong>C\u00daCUTA.-<\/strong> En la \u00e9poca de fin de a\u00f1o los cucute\u00f1os podr\u00e1n disfrutar de la noche a sus anchas en el horario, pero con moderaci\u00f3n en el consumo de bebidas alcoh\u00f3licas. La Alcald\u00eda decret\u00f3 que los encuentros rumberos en la zona tur\u00edstica pueden extenderse hasta las 3:00 de la ma\u00f1ana. La medida ir\u00e1 hasta mediados de enero.<\/p>\n<p>El fin de la disposici\u00f3n municipal es prevenir el delito y la informalidad, e incrementar los niveles de convivencia. Los establecimientos dedicados a la venta de licor favorecidos con el decreto son los ubicados en:<\/p>\n<p>1.- El Malec\u00f3n, en los dos sentidos, entre los puentes de San Rafael y de Guadua<\/p>\n<p>2.- Avenida 1 Este, sector Caobos, de la calle 13 a la calle 19<\/p>\n<p>3.- Avenida Cero, en toda la extensi\u00f3n en los dos carriles<\/p>\n<p>4.- Avenida 1 de la calle 10 a la calle 15<\/p>\n<p>5.- Calle 11 desde la avenida Cero hasta la Diagonal Santander.<\/p>\n<p>Los \u00a0horarios previstos son los siguientes:<\/p>\n<p>1.- De lunes a jueves. De 8:00 de la ma\u00f1ana a 3:00 de la ma\u00f1ana del d\u00eda siguiente<\/p>\n<p>2.- Viernes, s\u00e1bado, domingo y lunes festivos. De 8:00 de \u00a0la ma\u00f1ana a 4.00 de la ma\u00f1ana del d\u00eda siguiente.<\/p>\n<p>3.- El 24 y 31 de diciembre. Horario extendido hasta las 8:00 de la ma\u00f1ana del d\u00eda siguiente.<\/p>\n<p>El Centro Comercial Bol\u00edvar seguir\u00e1 como Zona Rosa y se regula el horario extendido hasta las 5:00 de la ma\u00f1ana. El 24 de diciembre, se autoriza la atenci\u00f3n hasta las 8.00 de la ma\u00f1ana del 25 de diciembre. El 31 de diciembre, hasta las 8:00 de la ma\u00f1ana del primero de enero de 2015.<\/p>\n<p>Para los parques Nacional y Mercedes \u00c1brego, barrio El Callej\u00f3n, La Guayabera y los alrededores de la Terminal de Trasporte, el horario ir\u00e1 de 9:00 de la ma\u00f1ana a 9:00 de la noche de domingo a domingo y hasta el 15 de enero de 2015.<\/p>\n<p>El Decreto 0001 del 2 de enero de 2014 fij\u00f3 horario a los condominios Villa Centro Niza y Las Cascadas, y se mantiene.<\/p>\n<p>Discotecas, bares, prost\u00edbulos, grilles, casas de lenocinio, garitos, tiendas y similares que funcionen o se instalen en el \u00e1rea urbana y rural del municipio, seguir\u00e1n con el horario de domingo a jueves de 8.00 de la ma\u00f1ana a 1:00 de la ma\u00f1ana del d\u00eda siguiente, y viernes, s\u00e1bado y domingo, cuando el lunes sea festivo, de 8:00 de la ma\u00f1ana a 3.00 de la ma\u00f1ana del d\u00eda siguiente.<\/p>\n<p>En los lugares donde haya perturbaci\u00f3n del orden p\u00fablico y quebrantamiento de la convivencia ciudadana, sin excepci\u00f3n, intervendr\u00e1 la Polic\u00eda. Como la regulaci\u00f3n va hasta el 15 de enero, la normalidad vuelve a partir de las cero horas del 16 de enero, fecha para la cual habr\u00e1 una evaluaci\u00f3n por parte del consejo de seguridad municipal.<\/p>\n<p>Foto:\u00a0<a class=\"_ZR irc_hol\" style=\"color: #7d7d7d;\" href=\"https:\/\/www.google.com.co\/url?sa=i&amp;rct=j&amp;q=&amp;esrc=s&amp;source=images&amp;cd=&amp;cad=rja&amp;uact=8&amp;ved=0CAYQjB0&amp;url=http%3A%2F%2Fcucuta-nortedesantander.gov.co%2Fnoticias.shtml%3Fapc%3Dccx-1-%26x%3D1376903&amp;ei=2DCMVODENseEgwTljoHIDw&amp;bvm=bv.81828268,d.cWc&amp;psig=AFQjCNEQ7Tu-nyTJ6ipGSqVf46rbBcpe3Q&amp;ust=1418560043335552\" data-ved=\"0CAYQjB0\" data-href=\"http:\/\/cucuta-nortedesantander.gov.co\/noticias.shtml?apc=ccx-1-&amp;x=1376903\"><span class=\"irc_ho\" dir=\"ltr\" style=\"color: #7d7d7d;\">cucuta-nortedesantander.gov.co<\/span><\/a> <\/p>\n","protected":false},"excerpt":{"rendered":"<p>C\u00daCUTA.- En la \u00e9poca de fin de a\u00f1o los cucute\u00f1os podr\u00e1n disfrutar de la noche a sus anchas en el horario, pero con moderaci\u00f3n en el consumo de bebidas alcoh\u00f3licas. La Alcald\u00eda decret\u00f3 que los encuentros rumberos en la zona tur\u00edstica pueden extenderse hasta las 3:00 de la ma\u00f1ana. La medida ir\u00e1 hasta mediados de &hellip;<\/p>\n","protected":false},"author":1,"featured_media":23148,"comment_status":"open","ping_status":"open","sticky":false,"template":"","format":"standard","meta":{"footnotes":""},"categories":[541,36],"tags":[226,1921,1920,1919,1922],"class_list":["post-23147","post","type-post","status-publish","format-standard","has-post-thumbnail","hentry","category-ciudad","category-la-voz-del-pueblo","tag-alcaldia-de-cucuta","tag-establecimientos","tag-estancos","tag-rumba-en-cucuta","tag-venta-de-licor"],"_links":{"self":[{"href":"https:\/\/contraluzcucuta.co\/index.php?rest_route=\/wp\/v2\/posts\/23147","targetHints":{"allow":["GET"]}}],"collection":[{"href":"https:\/\/contraluzcucuta.co\/index.php?rest_route=\/wp\/v2\/posts"}],"about":[{"href":"https:\/\/contraluzcucuta.co\/index.php?rest_route=\/wp\/v2\/types\/post"}],"author":[{"embeddable":true,"href":"https:\/\/contraluzcucuta.co\/index.php?rest_route=\/wp\/v2\/users\/1"}],"replies":[{"embeddable":true,"href":"https:\/\/contraluzcucuta.co\/index.php?rest_route=%2Fwp%2Fv2%2Fcomments&post=23147"}],"version-history":[{"count":1,"href":"https:\/\/contraluzcucuta.co\/index.php?rest_route=\/wp\/v2\/posts\/23147\/revisions"}],"predecessor-version":[{"id":23149,"href":"https:\/\/contraluzcucuta.co\/index.php?rest_route=\/wp\/v2\/posts\/23147\/revisions\/23149"}],"wp:featuredmedia":[{"embeddable":true,"href":"https:\/\/contraluzcucuta.co\/index.php?rest_route=\/wp\/v2\/media\/23148"}],"wp:attachment":[{"href":"https:\/\/contraluzcucuta.co\/index.php?rest_route=%2Fwp%2Fv2%2Fmedia&parent=23147"}],"wp:term":[{"taxonomy":"category","embeddable":true,"href":"https:\/\/contraluzcucuta.co\/index.php?rest_route=%2Fwp%2Fv2%2Fcategories&post=23147"},{"taxonomy":"post_tag","embeddable":true,"href":"https:\/\/contraluzcucuta.co\/index.php?rest_route=%2Fwp%2Fv2%2Ftags&post=23147"}],"curies":[{"name":"wp","href":"https:\/\/api.w.org\/{rel}","templated":true}]}}