{"id":23144,"date":"2014-12-12T16:26:17","date_gmt":"2014-12-12T21:26:17","guid":{"rendered":"http:\/\/contraluzcucuta.co\/?p=23144"},"modified":"2014-12-15T14:37:43","modified_gmt":"2014-12-15T19:37:43","slug":"relevo-policial-coronel-jhon-jairo-aroca-comandante-en-norte-de-santander","status":"publish","type":"post","link":"https:\/\/contraluzcucuta.co\/?p=23144","title":{"rendered":"RELEVO POLICIAL. Coronel Jhon Jairo Aroca, comandante en Norte de Santander"},"content":{"rendered":"<p><strong>C\u00daCUTA.-<\/strong> El coronel Jhon Jairo Aroca dej\u00f3 la subdirecci\u00f3n de la secci\u00f3n antisecuestro y extorsi\u00f3n de la Polic\u00eda para asumir la comandancia de la instituci\u00f3n en Norte de Santander. Remplaza en el cargo al coronel Eli\u00e9cer Camacho quien pasa a la direcci\u00f3n de la Escuela de Suboficiales \u2018Gonzalo Jim\u00e9nez de Quesada\u2019. La asunci\u00f3n al cargo se cumpli\u00f3 este 11 de diciembre.<\/p>\n<p>El director general \u00a0Rodolfo Palomino L\u00f3pez dispuso el nombramiento a ra\u00edz de los resultados positivos obtenidos por el coronel Aroca como subdirector de antisecuestro y antiextorsi\u00f3n.<\/p>\n<p>El mayor general Jorge Hernando Nieto Rojas, director de seguridad ciudadana asisti\u00f3 al acto en la Plaza de Armas del Comando del Departamento de Polic\u00eda Norte de Santander. En la ceremonia participaron autoridades civiles, administrativas, eclesi\u00e1sticas y militares de Norte de Santander.<\/p>\n<p>El coronel Aroca Mej\u00eda, de 45 a\u00f1os, es profesional en administraci\u00f3n de empresas, natural de Rovira (Tolima) y padre de dos hijos. Inici\u00f3 las funciones oficiales como comandante, en remplazo del coronel Camacho Jim\u00e9nez quien asumi\u00f3 como.<\/p>\n<p>En \u00a025 a\u00f1os de servicio, ha participado en m\u00faltiples cursos, seminarios y capacitaciones entre los que se cuentan: operaciones especiales antisecuestro, granadero, antinarc\u00f3ticos, diplomados en derechos humanos, docencia universitaria, polic\u00eda judicial, alta gerencia y seguridad p\u00fablica.<\/p>\n<p>La secretaria de Gobierno Departamental, Nohora Quintero Oliveros, le entreg\u00f3 la bandera del departamento como s\u00edmbolo del compromiso para fortalecer la convivencia y la seguridad ciudadanas en esta regi\u00f3n del pa\u00eds.<\/p>\n<p>&nbsp; <\/p>\n","protected":false},"excerpt":{"rendered":"<p>C\u00daCUTA.- El coronel Jhon Jairo Aroca dej\u00f3 la subdirecci\u00f3n de la secci\u00f3n antisecuestro y extorsi\u00f3n de la Polic\u00eda para asumir la comandancia de la instituci\u00f3n en Norte de Santander. Remplaza en el cargo al coronel Eli\u00e9cer Camacho quien pasa a la direcci\u00f3n de la Escuela de Suboficiales \u2018Gonzalo Jim\u00e9nez de Quesada\u2019. La asunci\u00f3n al cargo &hellip;<\/p>\n","protected":false},"author":1,"featured_media":23145,"comment_status":"open","ping_status":"open","sticky":false,"template":"","format":"standard","meta":{"footnotes":""},"categories":[11,32],"tags":[1918,511,1916,1917],"class_list":["post-23144","post","type-post","status-publish","format-standard","has-post-thumbnail","hentry","category-cronica-roja","category-recorrido-por-la-region","tag-antander","tag-coronel-eliecer-camacho","tag-coronel-jhon-jairo-aroca","tag-policia-norte-de-scamacho"],"_links":{"self":[{"href":"https:\/\/contraluzcucuta.co\/index.php?rest_route=\/wp\/v2\/posts\/23144","targetHints":{"allow":["GET"]}}],"collection":[{"href":"https:\/\/contraluzcucuta.co\/index.php?rest_route=\/wp\/v2\/posts"}],"about":[{"href":"https:\/\/contraluzcucuta.co\/index.php?rest_route=\/wp\/v2\/types\/post"}],"author":[{"embeddable":true,"href":"https:\/\/contraluzcucuta.co\/index.php?rest_route=\/wp\/v2\/users\/1"}],"replies":[{"embeddable":true,"href":"https:\/\/contraluzcucuta.co\/index.php?rest_route=%2Fwp%2Fv2%2Fcomments&post=23144"}],"version-history":[{"count":1,"href":"https:\/\/contraluzcucuta.co\/index.php?rest_route=\/wp\/v2\/posts\/23144\/revisions"}],"predecessor-version":[{"id":23146,"href":"https:\/\/contraluzcucuta.co\/index.php?rest_route=\/wp\/v2\/posts\/23144\/revisions\/23146"}],"wp:featuredmedia":[{"embeddable":true,"href":"https:\/\/contraluzcucuta.co\/index.php?rest_route=\/wp\/v2\/media\/23145"}],"wp:attachment":[{"href":"https:\/\/contraluzcucuta.co\/index.php?rest_route=%2Fwp%2Fv2%2Fmedia&parent=23144"}],"wp:term":[{"taxonomy":"category","embeddable":true,"href":"https:\/\/contraluzcucuta.co\/index.php?rest_route=%2Fwp%2Fv2%2Fcategories&post=23144"},{"taxonomy":"post_tag","embeddable":true,"href":"https:\/\/contraluzcucuta.co\/index.php?rest_route=%2Fwp%2Fv2%2Ftags&post=23144"}],"curies":[{"name":"wp","href":"https:\/\/api.w.org\/{rel}","templated":true}]}}