{"id":23140,"date":"2014-12-11T16:46:28","date_gmt":"2014-12-11T21:46:28","guid":{"rendered":"http:\/\/contraluzcucuta.co\/?p=23140"},"modified":"2014-12-11T16:46:28","modified_gmt":"2014-12-11T21:46:28","slug":"futbol-de-segunda-bedoya-y-lazaga-refuerzan-al-cucuta-deportivo","status":"publish","type":"post","link":"https:\/\/contraluzcucuta.co\/?p=23140","title":{"rendered":"F\u00daTBOL DE SEGUNDA. Bedoya y Lazaga refuerzan al C\u00facuta Deportivo"},"content":{"rendered":"<p><strong>C\u00daCUTA.-<\/strong> Cero y van dos. Hace un a\u00f1o, por esta fecha, el C\u00facuta Deportivo enviaba al Deportes Quind\u00edo al infierno de la B, sitio al cual lleg\u00f3 el equipo cucute\u00f1o d\u00edas despu\u00e9s, por la inferioridad demostrada ante Fortaleza (equipo que luego de descender desaparecer\u00e1).<\/p>\n<p>El 2014, tuvo fiesta de fin de a\u00f1o para el equipo rojinegro. El buen desempe\u00f1o en la fase final del torneo y la gran actuaci\u00f3n en los cuadrangulares fueron razones suficientes para que m\u00e1s de 20.000 aficionados colmaran los grader\u00edos del General Santander para ver c\u00f3mo estuvo a 5 minutos de conseguir un sue\u00f1o.<\/p>\n<p>El C\u00facuta Deportivo, en Bogot\u00e1, piensa en enero. La posibilidad de ganar uno de los dos cuadrangulares entre los ocho equipos que disputar\u00e1n el ascenso directo es cercana. Para ello se prepara en la capital de la rep\u00fablica y ha sumado jugadores a la n\u00f3mina. Inici\u00f3 trabajos\u00a0 de adaptaci\u00f3n fisiol\u00f3gica.<\/p>\n<p>Al equipo se unieron\u00a0 el mediocampista colombiano\u00a0 Gerardo Alberto Bedoya M\u00fanera y el atacante paraguayo Marcos Antonio\u00a0 Lazaga D\u00e1valos. Los dos har\u00e1n parte de la escuadra rojinegra en el 2015. Bedoya ha jugado en Deportivo Pereira, Deportivo Cali, Atl\u00e9tico Nacional, Millonarios, Envigado, Boyac\u00e1 Chic\u00f3 e Independiente Santa Fe. En Argentina visti\u00f3 las camisetas de Racing Club, Col\u00f3n de Santa Fe y Boca Juniors. Estuvo en selecci\u00f3n Colombia y pas\u00f3 por el Puebla F.C. (M\u00e9xico).<\/p>\n<p>Lazaga naci\u00f3, el\u00a0 26 de febrero de 1983, en\u00a0 Nanawa (Paraguay). Ha militado en Sportivo 2 de Mayo, Sportivo Luque\u00f1o, Olimpia y General Caballero.\u00a0 En Chile actu\u00f3 con Everton; en Argentina estuvo en Belgrano, y en Colombia integr\u00f3 la n\u00f3mina de Patriotas F.C.<\/p>\n<p>Lazaga y Bedoya se unen a la base de jugadores que se mantienen del semestre anterior: Wilder Mosquera, Miguel Vargas,\u00a0 Sergio Avellaneda, Jhon Garc\u00eda, Luis Vergara, Pablo Escobar, Mauricio Duarte, Mauricio Mar\u00edn, Alexis Ossa, Diego Espinel, Jonathan Palacios, David G\u00f3mez, Baldomero Perlaza, Jos\u00e9 David Lloreda y Miguel P\u00e9rez.<\/p>\n<p>El once motil\u00f3n estar\u00e1 en la capital del pa\u00eds hasta el 23 de diciembre. Tendr\u00e1 receso hasta el 26, regresar\u00e1n\u00a0 a concentraci\u00f3n del 26 al 30 y\u00a0 retornar\u00e1n\u00a0 el 2 de enero.<\/p>\n<p>El m\u00e9dico Edgar Cardona Reyes inform\u00f3 que Bedoya y Lazaga fueron valorados y no presentan lesiones que les impidan cumplir\u00a0 los trabajos con el grupo. Dijo que el defensa central\u00a0 Luis Vergara cumple con la rehabilitaci\u00f3n\u00a0 y el\u00a0 fortalecimiento abdominal y\u00a0 lumbar.<\/p>\n<p>Los aficionados aguardan con ansias el cuadrangular y aspiran a que el elenco fronterizo consiga una de las dos plazas que se reparten para volver a la primera categor\u00eda. La \u00faltima asistencia del a\u00f1o fue una demostraci\u00f3n a los directivos de que &#8220;si el equipo est\u00e1 arriba, nosotros estamos con el equipo&#8221;.<\/p>\n<p>Por el bien del equipo y la satisfacci\u00f3n de la afici\u00f3n que quiere, respeta y apoya al C\u00facuta Deportivo ojal\u00e1 en enero se consiga el ascenso. Los cucute\u00f1os no quieren repetir el calvario y la desolaci\u00f3n permanente vividos d\u00e9cadas atr\u00e1s.<\/p>\n<p>Foto: Oficina de prensa C\u00facuta Deportivo<\/p>\n<p>&nbsp;<\/p>\n<p>&nbsp; <\/p>\n","protected":false},"excerpt":{"rendered":"<p>C\u00daCUTA.- Cero y van dos. Hace un a\u00f1o, por esta fecha, el C\u00facuta Deportivo enviaba al Deportes Quind\u00edo al infierno de la B, sitio al cual lleg\u00f3 el equipo cucute\u00f1o d\u00edas despu\u00e9s, por la inferioridad demostrada ante Fortaleza (equipo que luego de descender desaparecer\u00e1). El 2014, tuvo fiesta de fin de a\u00f1o para el equipo &hellip;<\/p>\n","protected":false},"author":1,"featured_media":23141,"comment_status":"open","ping_status":"open","sticky":false,"template":"","format":"standard","meta":{"footnotes":""},"categories":[28],"tags":[192,301,1914,1915,1685],"class_list":["post-23140","post","type-post","status-publish","format-standard","has-post-thumbnail","hentry","category-vistazo-deportivo","tag-cucuta-deportivo","tag-futbol-profesional-colombiano","tag-gerardo-bedoya","tag-liga-postobon","tag-torneo-postobon"],"_links":{"self":[{"href":"https:\/\/contraluzcucuta.co\/index.php?rest_route=\/wp\/v2\/posts\/23140","targetHints":{"allow":["GET"]}}],"collection":[{"href":"https:\/\/contraluzcucuta.co\/index.php?rest_route=\/wp\/v2\/posts"}],"about":[{"href":"https:\/\/contraluzcucuta.co\/index.php?rest_route=\/wp\/v2\/types\/post"}],"author":[{"embeddable":true,"href":"https:\/\/contraluzcucuta.co\/index.php?rest_route=\/wp\/v2\/users\/1"}],"replies":[{"embeddable":true,"href":"https:\/\/contraluzcucuta.co\/index.php?rest_route=%2Fwp%2Fv2%2Fcomments&post=23140"}],"version-history":[{"count":1,"href":"https:\/\/contraluzcucuta.co\/index.php?rest_route=\/wp\/v2\/posts\/23140\/revisions"}],"predecessor-version":[{"id":23142,"href":"https:\/\/contraluzcucuta.co\/index.php?rest_route=\/wp\/v2\/posts\/23140\/revisions\/23142"}],"wp:featuredmedia":[{"embeddable":true,"href":"https:\/\/contraluzcucuta.co\/index.php?rest_route=\/wp\/v2\/media\/23141"}],"wp:attachment":[{"href":"https:\/\/contraluzcucuta.co\/index.php?rest_route=%2Fwp%2Fv2%2Fmedia&parent=23140"}],"wp:term":[{"taxonomy":"category","embeddable":true,"href":"https:\/\/contraluzcucuta.co\/index.php?rest_route=%2Fwp%2Fv2%2Fcategories&post=23140"},{"taxonomy":"post_tag","embeddable":true,"href":"https:\/\/contraluzcucuta.co\/index.php?rest_route=%2Fwp%2Fv2%2Ftags&post=23140"}],"curies":[{"name":"wp","href":"https:\/\/api.w.org\/{rel}","templated":true}]}}