{"id":23137,"date":"2014-12-10T20:26:13","date_gmt":"2014-12-11T01:26:13","guid":{"rendered":"http:\/\/contraluzcucuta.co\/?p=23137"},"modified":"2014-12-13T11:31:03","modified_gmt":"2014-12-13T16:31:03","slug":"crisis-en-venezuela-balance-2014-represion-de-las-protestas-y-acoso-a-la-prensa","status":"publish","type":"post","link":"https:\/\/contraluzcucuta.co\/?p=23137","title":{"rendered":"CRISIS EN VENEZUELA. Balance 2014: represi\u00f3n de las protestas y acoso a la prensa"},"content":{"rendered":"<p>Desde 2002, Venezuela est\u00e1 incluida en la lista negra que anualmente publica la Comisi\u00f3n Interamericana de los Derechos Humanos, Naciones Unidas ha comenzado a reprobar al Estado y las ONG insisten en alertar sobre el progresivo debilitamiento de las libertades y derechos en el pa\u00eds. Sin embargo, en 2014 la situaci\u00f3n ha sido m\u00e1s alarmante: 42 personas murieron y centenares resultaron heridas y encarceladas por manifestar su descontento en la calle; los enfermos agonizan por la escasez de medicamentos y el ataque a periodistas y a medios se ha vuelto brutal y sistem\u00e1tico.<\/p>\n<p>En mayo de 2014, nueve organizaciones de derechos humanos reportaron el estado de la conflictividad social. Hasta marzo de 2014, hubo protestas en 16 entidades federales que involucraron a 800.000 personas. 93,35 % fueron pac\u00edficas y\u00a0 34,05 % fueron reprimidas. \u201cEsta \u00faltima cifra contrasta con la m\u00e1s alta de las reprimidas por el gobierno del presidente Ch\u00e1vez, 7 % para el 2009. De esta manera, el gobierno de Nicol\u00e1s Maduro reprime 485 % m\u00e1s que su antecesor\u201d, indica el informe.<\/p>\n<p>Rafael Uzc\u00e1tegui, coordinador general de Provea, suscribe el an\u00e1lisis de la historiadora Margarita L\u00f3pez Maya: \u201cA falta de carisma, la \u00fanica respuesta \u00a0que puede dar Maduro es la represi\u00f3n\u201d.<\/p>\n<p>El Observatorio Venezolano de Conflictividad Social report\u00f3 que durante el primer semestre de 2014, hubo 6369\u00a0 protestas (en promedio, 35 diarias) lo cual implica un incremento de 278 % con respecto al mismo per\u00edodo en 2013.<\/p>\n<p>Uzc\u00e1tegui destaca que en 2014 se consolid\u00f3 el uso de grupos civiles armados\u00a0 para reprimir (en 22 % de los casos), as\u00ed como el castigo ejemplarizante con prop\u00f3sito intimidatorio.<\/p>\n<p>El Foro Penal Venezolano ha precisado los resultados de la criminalizaci\u00f3n de la protesta este a\u00f1o: 3408 personas fueron detenidas, entre ellas 287 menores de edad; 1922 permanecen bajo proceso judicial y 69 presas.<\/p>\n<p>\u201cIniciativas como el llamado Plan Independencia indican que el Gobierno se est\u00e1 preparando para contener una segunda ola de protestas\u201d, advirti\u00f3 Uzc\u00e1tegui.<\/p>\n<p>La escasez impacienta. \u201cEn 2014, el desabastecimiento alcanz\u00f3 niveles de falta absoluta en m\u00e1s de 70 %, lo que ha producido el cierre de servicios, la suspensi\u00f3n constante de cirug\u00edas \u2014por las cuales los pacientes esperan entre siete y ocho meses\u2014 y el colapso de los pocos servicios de emergencia de los cuales dispone la poblaci\u00f3n\u201d, indica un informe de Provea, publicado en septiembre.<\/p>\n<p>Jo D\u2019El\u00eda, de Acci\u00f3n Solidaria, se\u00f1ala que la crisis de salud ha llegado a tales extremos \u201cpor el empe\u00f1o del Gobierno en desmantelar el sistema de atenci\u00f3n p\u00fablica y suplantarlo por un programa asistencialista\u201d.<\/p>\n<p>Con dos ejemplos, D\u2019El\u00eda ilustra el drama: la suspensi\u00f3n de las radioterapias en el Hospital Universitario de Caracas puso en peligro la vida de muchos pacientes; y una ni\u00f1a muri\u00f3 por lechina luego de ser trasladada de sala en el hospital J. M. de los R\u00edos, a causa de la rotura de una tuber\u00eda de aguas negras\u201d.<\/p>\n<p>El peor a\u00f1o.\u00a0 El Sindicato Nacional de Trabajadores de la Prensa, el Instituto Prensa y Sociedad y Espacio P\u00fablico consideran que 2014 ha sido el peor a\u00f1o para la prensa en las \u00faltimas dos d\u00e9cadas. Hasta octubre se registraron 315 violaciones de la libertad de expresi\u00f3n. EL SNTP cont\u00f3 165 agresiones a periodistas e IPYS 174.<\/p>\n<p>El cambio de propiedad de algunos medios privados, el avance de la hegemon\u00eda comunicacional que pretende el Gobierno, la escasez de papel\u00a0 y la autocensura empeoraron la situaci\u00f3n de la prensa en 2014.<\/p>\n<p><strong>Fuente: El Nacional.<\/strong><\/p>\n<p><strong>V\u00eda: Prensa CNP Caracas<\/strong><\/p>\n<p><strong>Foto:\u00a0<a class=\"_ZR irc_hol\" style=\"color: #7d7d7d;\" href=\"https:\/\/www.google.com.co\/url?sa=i&amp;rct=j&amp;q=&amp;esrc=s&amp;source=images&amp;cd=&amp;cad=rja&amp;uact=8&amp;ved=0CAYQjB0&amp;url=http%3A%2F%2Fwww.tvkinc.com%2F2014%2F02%2F14%2Fun-centenar-de-personas-despiden-a-fallecido-en-protestas-en-venezuela%2F&amp;ei=KvKIVNXjJ4aggwTlxYPoAQ&amp;bvm=bv.81456516,d.eXY&amp;psig=AFQjCNEEL0PWi1l2Rir89cu8E6RuOuv0jQ&amp;ust=1418347430063281\" data-ved=\"0CAYQjB0\" data-href=\"http:\/\/www.tvkinc.com\/2014\/02\/14\/un-centenar-de-personas-despiden-a-fallecido-en-protestas-en-venezuela\/\"><span class=\"irc_ho\" dir=\"ltr\" style=\"color: #7d7d7d;\">www.tvkinc.com<\/span><\/a><\/strong><\/p>\n<p>&nbsp; <\/p>\n","protected":false},"excerpt":{"rendered":"<p>Desde 2002, Venezuela est\u00e1 incluida en la lista negra que anualmente publica la Comisi\u00f3n Interamericana de los Derechos Humanos, Naciones Unidas ha comenzado a reprobar al Estado y las ONG insisten en alertar sobre el progresivo debilitamiento de las libertades y derechos en el pa\u00eds. Sin embargo, en 2014 la situaci\u00f3n ha sido m\u00e1s alarmante: &hellip;<\/p>\n","protected":false},"author":1,"featured_media":23138,"comment_status":"open","ping_status":"open","sticky":false,"template":"","format":"standard","meta":{"footnotes":""},"categories":[1326,36],"tags":[1913,1164],"class_list":["post-23137","post","type-post","status-publish","format-standard","has-post-thumbnail","hentry","category-crisis-en-venezuela-2","category-la-voz-del-pueblo","tag-balance-2014","tag-crisis-en-venezuela"],"_links":{"self":[{"href":"https:\/\/contraluzcucuta.co\/index.php?rest_route=\/wp\/v2\/posts\/23137","targetHints":{"allow":["GET"]}}],"collection":[{"href":"https:\/\/contraluzcucuta.co\/index.php?rest_route=\/wp\/v2\/posts"}],"about":[{"href":"https:\/\/contraluzcucuta.co\/index.php?rest_route=\/wp\/v2\/types\/post"}],"author":[{"embeddable":true,"href":"https:\/\/contraluzcucuta.co\/index.php?rest_route=\/wp\/v2\/users\/1"}],"replies":[{"embeddable":true,"href":"https:\/\/contraluzcucuta.co\/index.php?rest_route=%2Fwp%2Fv2%2Fcomments&post=23137"}],"version-history":[{"count":1,"href":"https:\/\/contraluzcucuta.co\/index.php?rest_route=\/wp\/v2\/posts\/23137\/revisions"}],"predecessor-version":[{"id":23139,"href":"https:\/\/contraluzcucuta.co\/index.php?rest_route=\/wp\/v2\/posts\/23137\/revisions\/23139"}],"wp:featuredmedia":[{"embeddable":true,"href":"https:\/\/contraluzcucuta.co\/index.php?rest_route=\/wp\/v2\/media\/23138"}],"wp:attachment":[{"href":"https:\/\/contraluzcucuta.co\/index.php?rest_route=%2Fwp%2Fv2%2Fmedia&parent=23137"}],"wp:term":[{"taxonomy":"category","embeddable":true,"href":"https:\/\/contraluzcucuta.co\/index.php?rest_route=%2Fwp%2Fv2%2Fcategories&post=23137"},{"taxonomy":"post_tag","embeddable":true,"href":"https:\/\/contraluzcucuta.co\/index.php?rest_route=%2Fwp%2Fv2%2Ftags&post=23137"}],"curies":[{"name":"wp","href":"https:\/\/api.w.org\/{rel}","templated":true}]}}