{"id":23131,"date":"2014-12-10T17:26:44","date_gmt":"2014-12-10T22:26:44","guid":{"rendered":"http:\/\/contraluzcucuta.co\/?p=23131"},"modified":"2014-12-10T17:26:44","modified_gmt":"2014-12-10T22:26:44","slug":"parque-cucuta-300-anos-12-de-diciembre-apertura-al-publico","status":"publish","type":"post","link":"https:\/\/contraluzcucuta.co\/?p=23131","title":{"rendered":"PARQUE C\u00daCUTA 300 A\u00d1OS. 12 de diciembre, apertura al p\u00fablico"},"content":{"rendered":"<p><strong>C\u00daCUTA.-<\/strong> El parque C\u00facuta 300 a\u00f1os, construido en el espacio cedido por la cervecera Bavaria para desarrollar un proyecto cultural en C\u00facuta, ser\u00e1 entregado a los cucute\u00f1os el 12 de diciembre. El acto se cumplir\u00e1 a partir de las 7.00 de la noche, e incluye la presentaci\u00f3n de boleristas.<\/p>\n<p>La administraci\u00f3n municipal invirti\u00f3 $ 8200 millones en la recuperaci\u00f3n del lugar (calles 8 y 9 con avenidas 1 y 2, centro de la ciudad). Por un tiempo, el lugar fue objeto de cr\u00edticas ante la incertidumbre acerca del proyecto que se desarrollar\u00eda. Incluso, afront\u00f3 l\u00edos jur\u00eddicos y varios concejales se vieron comprometidos con la justicia.<\/p>\n<p>La nueva atracci\u00f3n tur\u00edstica en la \u00e9poca navide\u00f1a contar\u00e1 con 53 chorros de agua de diferentes presiones a una altura de 15 metros y tres t\u00faneles con 20 chorros cada uno, luces, arcos vaporizadores con agua y sistema hidr\u00e1ulico que le dar\u00e1 un aire fresco.<\/p>\n<p>El verde instalado al parque le da contextura, solo faltar\u00eda por instalar el ascensor, que se har\u00e1 con presupuesto del 2015. El resto del parque est\u00e1 terminado.<\/p>\n<p>El parque contar\u00e1 con centro de tertulia, el parque biosaludable, y 250 parqueaderos para veh\u00edculos y m\u00e1s de 400 para motocicletas. Zonas verdes, caminos peatonales y amueblamiento urbano har\u00e1n parte de esta obra.<\/p>\n<p>El parque C\u00facuta 300 a\u00f1os deja en el olvido el hueco que por largos a\u00f1os se concentr\u00f3 en el centro de la ciudad. Tiene un \u00e1rea de 16.000 metros cuadrados, de los cuales 6000 metros cuadrados estar\u00e1n destinados para el parque y los 10.000 metros cuadrados restantes ser\u00e1n para zonas verdes y parqueaderos.<\/p>\n<p>En el lote que no form\u00f3 parte del parque C\u00facuta 300 a\u00f1os se construir\u00e1n dos o tres torres de apartamentos. El anuncio lo hizo el alcalde Donamaris Ram\u00edrez, quien presentar\u00e1 un proyecto de acuerdo al Concejo en las sesiones extras que comenzar\u00e1n el 11 de diciembre. La iniciativa permitir\u00e1 la aprobaci\u00f3n de subsidios, con destino a los beneficiarios.<\/p>\n<p>El valor de los apartamentos oscilar\u00eda entre $ 90 millones y $ 100 millones. Las opciones de subsidio las tendr\u00e1n, en primer lugar, los empleados municipales; luego, los periodistas locales, y finalmente los cucute\u00f1os.<\/p>\n<p>Para entregar los subsidios, de ser aprobados por el Concejo, se debe hacer una valoraci\u00f3n del lote que no est\u00e1 construido junto al parque C\u00facuta 300 a\u00f1os. Primero, de ejecutaron las obras del parque, para facilitar que sea mayor la ayuda econ\u00f3mica que se entregar\u00e1. El objetivo es que los favorecidos con el plan de vivienda puedan seguir con la obligaci\u00f3n de pagar el apartamento. <\/p>\n","protected":false},"excerpt":{"rendered":"<p>C\u00daCUTA.- El parque C\u00facuta 300 a\u00f1os, construido en el espacio cedido por la cervecera Bavaria para desarrollar un proyecto cultural en C\u00facuta, ser\u00e1 entregado a los cucute\u00f1os el 12 de diciembre. El acto se cumplir\u00e1 a partir de las 7.00 de la noche, e incluye la presentaci\u00f3n de boleristas. La administraci\u00f3n municipal invirti\u00f3 $ 8200 &hellip;<\/p>\n","protected":false},"author":1,"featured_media":23132,"comment_status":"open","ping_status":"open","sticky":false,"template":"","format":"standard","meta":{"footnotes":""},"categories":[541,4],"tags":[734],"class_list":["post-23131","post","type-post","status-publish","format-standard","has-post-thumbnail","hentry","category-ciudad","category-barra","tag-parque-cucuta-300-anos"],"_links":{"self":[{"href":"https:\/\/contraluzcucuta.co\/index.php?rest_route=\/wp\/v2\/posts\/23131","targetHints":{"allow":["GET"]}}],"collection":[{"href":"https:\/\/contraluzcucuta.co\/index.php?rest_route=\/wp\/v2\/posts"}],"about":[{"href":"https:\/\/contraluzcucuta.co\/index.php?rest_route=\/wp\/v2\/types\/post"}],"author":[{"embeddable":true,"href":"https:\/\/contraluzcucuta.co\/index.php?rest_route=\/wp\/v2\/users\/1"}],"replies":[{"embeddable":true,"href":"https:\/\/contraluzcucuta.co\/index.php?rest_route=%2Fwp%2Fv2%2Fcomments&post=23131"}],"version-history":[{"count":1,"href":"https:\/\/contraluzcucuta.co\/index.php?rest_route=\/wp\/v2\/posts\/23131\/revisions"}],"predecessor-version":[{"id":23133,"href":"https:\/\/contraluzcucuta.co\/index.php?rest_route=\/wp\/v2\/posts\/23131\/revisions\/23133"}],"wp:featuredmedia":[{"embeddable":true,"href":"https:\/\/contraluzcucuta.co\/index.php?rest_route=\/wp\/v2\/media\/23132"}],"wp:attachment":[{"href":"https:\/\/contraluzcucuta.co\/index.php?rest_route=%2Fwp%2Fv2%2Fmedia&parent=23131"}],"wp:term":[{"taxonomy":"category","embeddable":true,"href":"https:\/\/contraluzcucuta.co\/index.php?rest_route=%2Fwp%2Fv2%2Fcategories&post=23131"},{"taxonomy":"post_tag","embeddable":true,"href":"https:\/\/contraluzcucuta.co\/index.php?rest_route=%2Fwp%2Fv2%2Ftags&post=23131"}],"curies":[{"name":"wp","href":"https:\/\/api.w.org\/{rel}","templated":true}]}}