{"id":23128,"date":"2014-12-10T16:39:58","date_gmt":"2014-12-10T21:39:58","guid":{"rendered":"http:\/\/contraluzcucuta.co\/?p=23128"},"modified":"2014-12-13T07:39:41","modified_gmt":"2014-12-13T12:39:41","slug":"cucuta-como-vamos-objetivo-mejorar-la-calidad-de-vida-de-los-cucutenos","status":"publish","type":"post","link":"https:\/\/contraluzcucuta.co\/?p=23128","title":{"rendered":"C\u00daCUTA, C\u00d3MO VAMOS. Objetivo, mejorar la calidad de vida de los cucute\u00f1os"},"content":{"rendered":"<p><strong>C\u00daCUTA.-<\/strong> El programa \u2018C\u00facuta, c\u00f3mo vamos\u2019, presentado en la C\u00e1mara de Comercio, permitir\u00e1 medir indicadores locales para conocer hacia d\u00f3nde va la ciudad y c\u00f3mo mejorar la calidad de vida de los habitantes. Es una apuesta que servir\u00e1 para cambiar la cultura de la ciudadan\u00eda y la percepci\u00f3n sobre c\u00f3mo marcha la administraci\u00f3n p\u00fablica.<\/p>\n<p>El proyecto surgi\u00f3, en 1997, en el gobierno de Antanas Mockus, en Bogot\u00e1. Un a\u00f1o despu\u00e9s se puso en marcha en el gobierno de Enrique Pe\u00f1alosa. Luego, se replic\u00f3 a otras ciudades. En C\u00facuta, aparece como una propuesta de investigaci\u00f3n de la Universidad Libre que encuentra respaldo de \u00a0Ecopetrol, La C\u00e1mara de Comercio, La Opini\u00f3n y la fundaci\u00f3n Corona.<\/p>\n<p>Mario Zambrano, docente de la Universidad Libre y coordinador de \u2018C\u00facuta, c\u00f3mo vamos\u2019, explic\u00f3 que el programa \u00a0contribuir\u00e1 de alguna manera para cambiar la cultura de la medici\u00f3n de una serie de indicadores locales que permitan conocer si realmente la comunicaci\u00f3n de la administraci\u00f3n con la comunidad es la mejor.<\/p>\n<p>\u201cDa algunos insumos para mejorar los procesos democr\u00e1ticos. Sobre todo, informa para tomar decisiones acertadas con el m\u00ednimo de incertidumbre o el m\u00ednimo margen de error. El enfoque est\u00e1 basado en la calidad de vida de los cucute\u00f1os\u201d, dijo Zambrano. Este a\u00f1o se materializ\u00f3 la propuesta y en el 2015 en las elecciones se aprovechar\u00e1n los insumos, que son rigurosos y les dan cierta legitimidad a los debates.<\/p>\n<p>El ciudadano corriente ganar\u00e1 informaci\u00f3n, sabr\u00e1 c\u00f3mo va la ciudad, qu\u00e9 piensan los habitantes y cu\u00e1les son los problemas que los agobian. En marzo, la firma de Napole\u00f3n Franco har\u00e1 la encuesta para que no haya sesgos. El trabajo incluye un cap\u00edtulo de fronteras para resaltar los aspectos particulares de la ciudad.<\/p>\n<p>El cucute\u00f1o tendr\u00e1 mayores razones que le \u00a0permitir\u00e1n darle una mayor cualificaci\u00f3n a la emisi\u00f3n de juicios frente al desarrollo de la ciudad y frente al gobierno municipal. \u201cLe dar\u00e1 mayores elementos para elegir y tomar decisiones sobre la administraci\u00f3n p\u00fablica\u201d.<\/p>\n<p>\u2018C\u00facuta, c\u00f3mo vamos\u2019 est\u00e1 dirigido hacia unas \u00e1reas espec\u00edficas y se direccionar\u00e1 en lo concerniente a educaci\u00f3n, salud, vivienda, espacio p\u00fablico, movilidad, medio ambiente, entre otras, que estar\u00e1n divididas en anillos, conformados por indicadores sobre tasa de analfabetismo, de reprobaci\u00f3n, esperanza de vida, empleo y aspectos neur\u00e1lgicos para la calidad vida local.<\/p>\n<p>El programa \u201cno es para criticar, sino para orientar los esfuerzos hacia los sectores d\u00e9biles\u201d, indic\u00f3 el docente Mario Zambrano. La informaci\u00f3n servir\u00e1 para las administraciones futuras. \u201cExigir\u00e1 mayor nivel de rigurosidad para las elecciones del 2015. Los candidatos no podr\u00e1n hablar de aspectos si no saben c\u00f3mo est\u00e1n el presupuesto, la inversi\u00f3n social, la salud\u201d.<\/p>\n<p>Adem\u00e1s, servir\u00e1 saber c\u00f3mo va C\u00facuta, comparada con otras ciudades colombianas. \u201cEsto exigir\u00e1 que quienes quieran ser alcalde de C\u00facuta deber\u00e1n tener un nivel alto en el discurso y en lo que dicen. Es un puente de comunicaci\u00f3n entre la administraci\u00f3n y la ciudadan\u00eda\u201d.<\/p>\n<p><strong>RAFAEL ANTONIO PAB\u00d3N<\/strong><\/p>\n<p><strong><a href=\"mailto:rafaelpabon58@hotmail.com\">rafaelpabon58@hotmail.com<\/a><\/strong><\/p>\n<p><strong>Foto: <a href=\"http:\/\/www.contraluzcucuta.co\">www.contraluzcucuta.co<\/a><\/strong><\/p>\n<p>&nbsp; <\/p>\n","protected":false},"excerpt":{"rendered":"<p>C\u00daCUTA.- El programa \u2018C\u00facuta, c\u00f3mo vamos\u2019, presentado en la C\u00e1mara de Comercio, permitir\u00e1 medir indicadores locales para conocer hacia d\u00f3nde va la ciudad y c\u00f3mo mejorar la calidad de vida de los habitantes. Es una apuesta que servir\u00e1 para cambiar la cultura de la ciudadan\u00eda y la percepci\u00f3n sobre c\u00f3mo marcha la administraci\u00f3n p\u00fablica. El &hellip;<\/p>\n","protected":false},"author":1,"featured_media":23129,"comment_status":"open","ping_status":"open","sticky":false,"template":"","format":"standard","meta":{"footnotes":""},"categories":[541,6],"tags":[375,1909,767,1910,1186,252],"class_list":["post-23128","post","type-post","status-publish","format-standard","has-post-thumbnail","hentry","category-ciudad","category-ojo-avizor","tag-camara-de-comercio-de-cucuta","tag-cucuta-como-vamos","tag-ecopetrol","tag-fundacion-corona","tag-la-opinion","tag-universidad-libre"],"_links":{"self":[{"href":"https:\/\/contraluzcucuta.co\/index.php?rest_route=\/wp\/v2\/posts\/23128","targetHints":{"allow":["GET"]}}],"collection":[{"href":"https:\/\/contraluzcucuta.co\/index.php?rest_route=\/wp\/v2\/posts"}],"about":[{"href":"https:\/\/contraluzcucuta.co\/index.php?rest_route=\/wp\/v2\/types\/post"}],"author":[{"embeddable":true,"href":"https:\/\/contraluzcucuta.co\/index.php?rest_route=\/wp\/v2\/users\/1"}],"replies":[{"embeddable":true,"href":"https:\/\/contraluzcucuta.co\/index.php?rest_route=%2Fwp%2Fv2%2Fcomments&post=23128"}],"version-history":[{"count":1,"href":"https:\/\/contraluzcucuta.co\/index.php?rest_route=\/wp\/v2\/posts\/23128\/revisions"}],"predecessor-version":[{"id":23130,"href":"https:\/\/contraluzcucuta.co\/index.php?rest_route=\/wp\/v2\/posts\/23128\/revisions\/23130"}],"wp:featuredmedia":[{"embeddable":true,"href":"https:\/\/contraluzcucuta.co\/index.php?rest_route=\/wp\/v2\/media\/23129"}],"wp:attachment":[{"href":"https:\/\/contraluzcucuta.co\/index.php?rest_route=%2Fwp%2Fv2%2Fmedia&parent=23128"}],"wp:term":[{"taxonomy":"category","embeddable":true,"href":"https:\/\/contraluzcucuta.co\/index.php?rest_route=%2Fwp%2Fv2%2Fcategories&post=23128"},{"taxonomy":"post_tag","embeddable":true,"href":"https:\/\/contraluzcucuta.co\/index.php?rest_route=%2Fwp%2Fv2%2Ftags&post=23128"}],"curies":[{"name":"wp","href":"https:\/\/api.w.org\/{rel}","templated":true}]}}