{"id":23124,"date":"2014-12-10T15:42:41","date_gmt":"2014-12-10T20:42:41","guid":{"rendered":"http:\/\/contraluzcucuta.co\/?p=23124"},"modified":"2014-12-12T16:42:01","modified_gmt":"2014-12-12T21:42:01","slug":"derechos-humanos-los-delitos-permanecen-bajo-el-manto-de-la-impunidad","status":"publish","type":"post","link":"https:\/\/contraluzcucuta.co\/?p=23124","title":{"rendered":"DERECHOS HUMANOS. Los delitos permanecen bajo el manto de la impunidad"},"content":{"rendered":"<p><strong>C\u00daCUTA.-<\/strong> Los delitos contra los derechos humanos permanecen bajo el manto de la impunidad, en Norte de Santander y el \u00c1rea Metropolitana de C\u00facuta. La persistencia de los asesinatos, las desapariciones forzadas y el trato discriminatorio hace que la situaci\u00f3n de los derechos civiles sea precaria y tr\u00e1gica.<\/p>\n<p>La reflexi\u00f3n corresponde al Comit\u00e9 Permanente por la Defensa de los Derechos humanos, cap\u00edtulo Norte de Santander. En el pa\u00eds no se hace efectiva una vida digna, ni se garantiza el acceso igual a la justicia, afirmaron los voceros de la colectividad con ocasi\u00f3n del \u00a0\u00a0\u00a0D\u00eda Internacional de los Derechos Humanos.<\/p>\n<p>\u201cNo menos preocupante es la situaci\u00f3n de los derechos econ\u00f3micos, sociales y culturales\u201d, se\u00f1alaron en la declaraci\u00f3n publicada este 10 de diciembre, en el encuentro regional organizado en la capital del departamento.<\/p>\n<p>Centenares de v\u00edctimas del conflicto participaron en la actividad, que Gobernaci\u00f3n, la Alcald\u00eda y las organizaciones PNDU, Todos por un Nuevo Pa\u00eds y Sintraproan.<\/p>\n<p>Los defensores de los derechos humanos elogiaron el reconocimiento de la dignidad humana sin distingos sociales, raciales, ideol\u00f3gicos, religiosos, de g\u00e9nero ni de edad. Al tiempo, destacaron que a pesar de las proclamaciones solemnes \u201cexiste un abismo entre las promesas y la realidad\u201d.<\/p>\n<p>Recordaron que muchos colombianos sobreviven en la pobreza extrema y en la miseria, sin garant\u00edas para su dignidad. Entre tanto, \u201cun sector minoritario usufruct\u00faa la opulencia y la riqueza\u201d, y agota los recursos naturales a un ritmo fren\u00e9tico de consumo, \u201csin responsabilidad solidaria con las presentes y futuras generaciones\u201d.<\/p>\n<p>En el encuentro, tambi\u00e9n, se divulg\u00f3 la \u2018Estrategia para el fomento de una cultura de los derechos humanos, legalidad y convivencia\u2019. El documento se\u00f1ala que los ni\u00f1os, los adolescentes y los j\u00f3venes representan el 51 por ciento de la poblaci\u00f3n de Norte de Santander. \u201cLo cual evidencia que el departamento est\u00e1 viviendo un momento de bono demogr\u00e1fico\u201d.<\/p>\n<p>La paradoja est\u00e1 en que \u201cconstituyen uno de los grupos poblacionales con mayores niveles de afectaci\u00f3n por el conflicto armado interno\u201d. Entre 2010 y 2013, representaban el 43 por ciento del total de las v\u00edctimas del conflicto en esta regi\u00f3n del pa\u00eds. \u201cSon reclutados por grupos al margen de la ley para que desarrollen acciones ilegales como extorsi\u00f3n, sicariato y narcotr\u00e1fico\u201d.<\/p>\n<p>La estrategia propuesta por la Gobernaci\u00f3n busca, en materia de derechos humanos, que actores institucionales y sociales regionales y municipales garanticen el efectivo goce de los derechos y prevengan el reclutamiento forzado de ni\u00f1os, adolescentes y j\u00f3venes.<\/p>\n<p>Y en cuanto a la legalidad, propende porque las instituciones del Estado sean un referente para la ciudadan\u00eda, y generen confianza en la aplicaci\u00f3n efectiva de la ley y que est\u00e9n al servicio de la comunidad.<\/p>\n<p>La poblaci\u00f3n joven desarrolla iniciativas que contribuyen a la soluci\u00f3n pac\u00edfica de conflictos y a la construcci\u00f3n de una convivencia social. Las organizaciones de j\u00f3venes cuentan con recursos no convencionales, que pueden generar impacto en la reducci\u00f3n de la violencia y la pobreza, la generaci\u00f3n de confianza y el afianzamiento de la paz duradera.<\/p>\n<p>\u201cCon el compromiso de todos los actores y el cumplimiento de la estrategia contribuimos a la acumulaci\u00f3n de capital social y humano requerida para que Norte de Santander sea un territorio de paz\u201d, concluye el documento.<\/p>\n<p>Foto: www.contraluzcucuta.co <\/p>\n","protected":false},"excerpt":{"rendered":"<p>C\u00daCUTA.- Los delitos contra los derechos humanos permanecen bajo el manto de la impunidad, en Norte de Santander y el \u00c1rea Metropolitana de C\u00facuta. La persistencia de los asesinatos, las desapariciones forzadas y el trato discriminatorio hace que la situaci\u00f3n de los derechos civiles sea precaria y tr\u00e1gica. La reflexi\u00f3n corresponde al Comit\u00e9 Permanente por &hellip;<\/p>\n","protected":false},"author":1,"featured_media":23125,"comment_status":"open","ping_status":"open","sticky":false,"template":"","format":"standard","meta":{"footnotes":""},"categories":[5,6],"tags":[1908,1906,1907],"class_list":["post-23124","post","type-post","status-publish","format-standard","has-post-thumbnail","hentry","category-justicia-transicional","category-ojo-avizor","tag-defensores-de-derechos-humanos","tag-dia-internacional-de-los-derechos-humanos","tag-ministerio-del-interior"],"_links":{"self":[{"href":"https:\/\/contraluzcucuta.co\/index.php?rest_route=\/wp\/v2\/posts\/23124","targetHints":{"allow":["GET"]}}],"collection":[{"href":"https:\/\/contraluzcucuta.co\/index.php?rest_route=\/wp\/v2\/posts"}],"about":[{"href":"https:\/\/contraluzcucuta.co\/index.php?rest_route=\/wp\/v2\/types\/post"}],"author":[{"embeddable":true,"href":"https:\/\/contraluzcucuta.co\/index.php?rest_route=\/wp\/v2\/users\/1"}],"replies":[{"embeddable":true,"href":"https:\/\/contraluzcucuta.co\/index.php?rest_route=%2Fwp%2Fv2%2Fcomments&post=23124"}],"version-history":[{"count":1,"href":"https:\/\/contraluzcucuta.co\/index.php?rest_route=\/wp\/v2\/posts\/23124\/revisions"}],"predecessor-version":[{"id":23126,"href":"https:\/\/contraluzcucuta.co\/index.php?rest_route=\/wp\/v2\/posts\/23124\/revisions\/23126"}],"wp:featuredmedia":[{"embeddable":true,"href":"https:\/\/contraluzcucuta.co\/index.php?rest_route=\/wp\/v2\/media\/23125"}],"wp:attachment":[{"href":"https:\/\/contraluzcucuta.co\/index.php?rest_route=%2Fwp%2Fv2%2Fmedia&parent=23124"}],"wp:term":[{"taxonomy":"category","embeddable":true,"href":"https:\/\/contraluzcucuta.co\/index.php?rest_route=%2Fwp%2Fv2%2Fcategories&post=23124"},{"taxonomy":"post_tag","embeddable":true,"href":"https:\/\/contraluzcucuta.co\/index.php?rest_route=%2Fwp%2Fv2%2Ftags&post=23124"}],"curies":[{"name":"wp","href":"https:\/\/api.w.org\/{rel}","templated":true}]}}