{"id":23121,"date":"2014-12-08T10:25:13","date_gmt":"2014-12-08T15:25:13","guid":{"rendered":"http:\/\/contraluzcucuta.co\/?p=23121"},"modified":"2014-12-10T20:35:36","modified_gmt":"2014-12-11T01:35:36","slug":"habitantes-del-rio-6-voces-oficiales-de-la-respuesta-al-interrogante","status":"publish","type":"post","link":"https:\/\/contraluzcucuta.co\/?p=23121","title":{"rendered":"HABITANTES DEL R\u00cdO (6). Voces oficiales, de la respuesta al interrogante"},"content":{"rendered":"<p><strong>C\u00daCUTA.-<\/strong> El entierro de Calixto se cumpli\u00f3 en silencio. Los cucute\u00f1os, en su mayor\u00eda, ni se percataron de la ceremonia, porque no formaba parte de los c\u00edrculos sociales, ni ten\u00eda c\u00e9dula para participar en las elecciones municipales. Quiz\u00e1s, donde har\u00e1 falta ser\u00e1 en los lugares a los que van los habitantes de la calle a pasar esas horas amargas de las que este hombre se liber\u00f3.<\/p>\n<p>El <a href=\"https:\/\/contraluzcucuta.co\/articulos\/parque-lineal-albergara-a-512-vendedores-informales\/\">Parque Lineal <\/a>es el refugio preferido por buena parte de esos seres que tomaron la decisi\u00f3n de abandonar familia, hogar y bienes materiales para entregarle el alma al vicio. Aqu\u00ed, el consumo de alcohol es alto y la venta de drogas es continua. Los habitantes de este lugar solo tienen el af\u00e1n de conseguir una moneda para comprar el veneno que los consumi\u00f3 y los apart\u00f3 del mundo real para introducirlos en ese universo de abandono y dejaci\u00f3n.<\/p>\n<p>El traj\u00edn diario tiene movimiento. En las madrugadas despiertan para salir en busca del material reciclable dejado en los sardineles, recogerlo, amontonarlo y llevarlo a las compraventas de chatarra para recibir la paga por ese \u2018trabajo\u2019. No es impensable que lo recolectado sea invertido en vestuario, a pesar de que camisa y pantal\u00f3n chorrean mugre, o en alimentaci\u00f3n, as\u00ed el bostezo sea constante.<\/p>\n<p>La ma\u00f1ana trascurre en el recorrido de calles y avenidas, para volver al <a href=\"https:\/\/contraluzcucuta.co\/articulos\/en-el-parque-lineal-la-vida-es-una-miseria\/\">Parque Lineal<\/a> con el \u2018bot\u00edn\u2019, unos pocos pesos. En corrillos conversan sobre lo que la imaginaci\u00f3n les permite. Comentan asuntos propios de la condici\u00f3n humana en la que habitan. Brindan por la salud que no tienen ni les provoca preocupaci\u00f3n. R\u00eden de la vida, porque viven,\u00a0 no porque la sientan. Salen del lugar con una ilusi\u00f3n; regresan, con m\u00e1s decepciones.<\/p>\n<p>La tarde no var\u00eda. El almuerzo es cualquier sobrado de una mano doliente o un mendrugo tirado en el siguiente bote de la basura. Importa el pr\u00f3ximo sorbo de aguardiente, ingresado de contrabando desde Venezuela porque es barato y emborracha rapidito. \u2018Gaviota\u2019 es la marca, anisado; \u2018chamberlain\u2019 es el remoquete al revuelto de alcohol antis\u00e9ptico con gaseosa negra, y \u2018un chorro\u2019 es lo que compran con las monedas que reciben a cambio de cartones.<\/p>\n<p>El olor que respiran es nauseabundo. El vaho que exhalan es insoportable. El agrio que expelen es muestra del desaseo en el que viven. As\u00ed quedan tirados en cualquier sitio, sin importar qui\u00e9n pase y los vea en esa condici\u00f3n. Saben que en este momento de la vida ni l\u00e1stima inspiran.<\/p>\n<p>El Parque Lineal est\u00e1 lejos del r\u00edo Pamplonita. Quienes viven en las riberas no asoman por ac\u00e1 y no est\u00e1n en las estad\u00edsticas que maneja la Alcald\u00eda de C\u00facuta, en cuanto a habitantes de calle se refiere. Las cifras oficiales dan cuenta de \u201c220 personas caracterizadas en el Centro D\u00eda\u201d, seg\u00fan el documento \u2018Pol\u00edtica p\u00fablica habitante de y en condici\u00f3n de calle\u2019.<\/p>\n<p>El Centro D\u00eda es el espacio proporcionado por el gobierno cucute\u00f1o para permitirles a estos seres humanos tener atenci\u00f3n mientras el sol alumbra. Van a la casa, se ba\u00f1an, desayunan, participan en actividades l\u00fadicas, almuerzan, reposan y a las 5:00 de la tarde regresan al mundo del que se separaron unas horas.<\/p>\n<p>El objetivo de la \u2018Pol\u00edtica p\u00fablica\u2019 es promover el desarrollo integral de los habitantes de y en situaci\u00f3n de calle, mediante la atenci\u00f3n de las necesidades b\u00e1sicas y la formaci\u00f3n de capacidades para el fomento de la calidad de vida.<\/p>\n<p>Los 220 caracterizados est\u00e1n repartidos entre 193 hombres (88 %) y 27 mujeres (12 %); 187 tienen c\u00e9dula; 4, tarjeta de identidad, y 29 no tienen documentos. El 68 por ciento tiene la c\u00e9dula extraviada. Entre los hombres, 59 tienen libreta militar, 134 no la poseen y 27 no aplican para este requisito. El 27 por ciento puede mostrar el documento, el 73 por ciento lo perdi\u00f3.<\/p>\n<p>\u201cLa pol\u00edtica p\u00fablica para el habitante de y en condici\u00f3n de calle es una compilaci\u00f3n de las necesidades latientes en esta poblaci\u00f3n\u201d, explica el documento elaborado por la Alcald\u00eda, el Departamento Administrativo de Bienestar Social y Programas Especiales y Corprodinco. Y \u201caborda unos ejes fundamentales para la dignificaci\u00f3n como personas\u201d.<\/p>\n<p>En la poblaci\u00f3n objeto del estudio, 174 aparecen como solteros, 9 casados, 18 en uni\u00f3n marital, 11 separados, una soltera y un viudo. Uno de los objetivos espec\u00edficos del programa es \u201cestablecer una red de apoyo con instituciones estatales. Entidades territoriales y organizaciones no gubernamentales para la garant\u00eda de sus derechos\u201d.<\/p>\n<p>Noventainueve de los encuestados curs\u00f3 primaria, 86 secundaria, 2 educaci\u00f3n t\u00e9cnica y 30 no aportaron informaci\u00f3n. El 62 por ciento de la poblaci\u00f3n no complet\u00f3 los ciclos de estudios. A 65 les gustar\u00eda capacitarse en sistemas, a 11 en manualidades, a 89 les gustar\u00eda terminar la preparaci\u00f3n escolar, a 6 les llama la atenci\u00f3n la mec\u00e1nica y 4 no est\u00e1n interesados en estudiar. Los dem\u00e1s tienen otras opciones.<\/p>\n<p>Los habitantes de la calle \u201cconocen de primera mano sus necesidades, articul\u00e1ndolos con las pol\u00edticas gubernamentales de las entidades territoriales\u201d. A pesar de este prop\u00f3sito, 142 no tienen Sisben y 106 no cuentan con afiliaci\u00f3n a una ARS. De los 54 que padecen enfermedades, solo 7 reciben atenci\u00f3n.<\/p>\n<p>Otros objetivos de la Pol\u00edtica p\u00fablica son dise\u00f1ar acciones encaminadas a la protecci\u00f3n de sus derechos para el mejoramiento de su calidad de vida, y hacer el seguimiento y la evaluaci\u00f3n de las acciones desarrolladas que garanticen el cumplimiento de los objetivos para el desarrollo integral.<\/p>\n<p>Las principales causas para permanecer en la calle son drogadicci\u00f3n (50 %), abandono familiar (13 %), desempleo (14 %), alcoholismo (12 %), rechazo familiar (9 %), tabaquismo y desplazamiento forzado (2 %).<\/p>\n<p>Entonces, la pregunta es \u00bfpor qu\u00e9 para los habitantes en las orillas del r\u00edo Pamplonita no ha habido un plan de atenci\u00f3n que los saque de esa condici\u00f3n y los haga valer como seres humanos?<\/p>\n<p><strong>RAFAEL ANTONIO PAB\u00d3N<\/strong><\/p>\n<p><a href=\"mailto:rafaelpabon58@hotmail.com\"><strong>rafaelpabon58@hotmail.com<\/strong><\/a><\/p>\n<p><strong>Foto: <a href=\"https:\/\/www.google.com.co\/url?sa=i&amp;rct=j&amp;q=&amp;esrc=s&amp;source=images&amp;cd=&amp;cad=rja&amp;uact=8&amp;ved=0CAYQjB0&amp;url=http%3A%2F%2Fcucuta-nortedesantander.gov.co%2Fapc-aa%2Fview.php3%3Fvid%3D1090%26cmd%255B1090%255D%3Dx-1090-1381224&amp;ei=IMGFVNyXOsWnNqG_gYgD&amp;bvm=bv.80642063,d.eXY&amp;psig=AFQjCNFnW9zU7AEgA0S0_rflzoSSoK6DvQ&amp;ust=1418138221392151\">cucuta-nortedesantander.gov.co<\/a><\/strong><\/p>\n<p><strong>PARTE \u2013 7<\/strong><\/p>\n<p><strong>El \u00faltimo tramo. El sol se oculta para todos<\/strong><\/p>\n<p>&nbsp; <\/p>\n","protected":false},"excerpt":{"rendered":"<p>C\u00daCUTA.- El entierro de Calixto se cumpli\u00f3 en silencio. Los cucute\u00f1os, en su mayor\u00eda, ni se percataron de la ceremonia, porque no formaba parte de los c\u00edrculos sociales, ni ten\u00eda c\u00e9dula para participar en las elecciones municipales. Quiz\u00e1s, donde har\u00e1 falta ser\u00e1 en los lugares a los que van los habitantes de la calle a &hellip;<\/p>\n","protected":false},"author":1,"featured_media":23122,"comment_status":"open","ping_status":"open","sticky":false,"template":"","format":"standard","meta":{"footnotes":""},"categories":[10,45],"tags":[1904,1905,1746,1903,40],"class_list":["post-23121","post","type-post","status-publish","format-standard","has-post-thumbnail","hentry","category-cronicas","category-destacado","tag-corprodinco","tag-departamento-administrativo-de-bienestar-social-y-programas-especiales","tag-habitantes-del-rio","tag-indigentes-en-cucuta","tag-rio-pamplonita"],"_links":{"self":[{"href":"https:\/\/contraluzcucuta.co\/index.php?rest_route=\/wp\/v2\/posts\/23121","targetHints":{"allow":["GET"]}}],"collection":[{"href":"https:\/\/contraluzcucuta.co\/index.php?rest_route=\/wp\/v2\/posts"}],"about":[{"href":"https:\/\/contraluzcucuta.co\/index.php?rest_route=\/wp\/v2\/types\/post"}],"author":[{"embeddable":true,"href":"https:\/\/contraluzcucuta.co\/index.php?rest_route=\/wp\/v2\/users\/1"}],"replies":[{"embeddable":true,"href":"https:\/\/contraluzcucuta.co\/index.php?rest_route=%2Fwp%2Fv2%2Fcomments&post=23121"}],"version-history":[{"count":1,"href":"https:\/\/contraluzcucuta.co\/index.php?rest_route=\/wp\/v2\/posts\/23121\/revisions"}],"predecessor-version":[{"id":23123,"href":"https:\/\/contraluzcucuta.co\/index.php?rest_route=\/wp\/v2\/posts\/23121\/revisions\/23123"}],"wp:featuredmedia":[{"embeddable":true,"href":"https:\/\/contraluzcucuta.co\/index.php?rest_route=\/wp\/v2\/media\/23122"}],"wp:attachment":[{"href":"https:\/\/contraluzcucuta.co\/index.php?rest_route=%2Fwp%2Fv2%2Fmedia&parent=23121"}],"wp:term":[{"taxonomy":"category","embeddable":true,"href":"https:\/\/contraluzcucuta.co\/index.php?rest_route=%2Fwp%2Fv2%2Fcategories&post=23121"},{"taxonomy":"post_tag","embeddable":true,"href":"https:\/\/contraluzcucuta.co\/index.php?rest_route=%2Fwp%2Fv2%2Ftags&post=23121"}],"curies":[{"name":"wp","href":"https:\/\/api.w.org\/{rel}","templated":true}]}}