{"id":23077,"date":"2014-11-30T20:08:56","date_gmt":"2014-12-01T01:08:56","guid":{"rendered":"http:\/\/contraluzcucuta.co\/?p=23077"},"modified":"2014-12-04T21:38:14","modified_gmt":"2014-12-05T02:38:14","slug":"consejo-de-seguridad-labor-de-la-policia-no-se-siente-en-cucuta","status":"publish","type":"post","link":"https:\/\/contraluzcucuta.co\/?p=23077","title":{"rendered":"CONSEJO DE SEGURIDAD. Labor de la polic\u00eda no se siente en C\u00facuta"},"content":{"rendered":"<p><strong>C\u00daCUTA.-<\/strong> \u00a0La labor de la polic\u00eda no se siente en C\u00facuta, les dijo el alcalde Donamaris Ram\u00edrez al ministro de defensa Juan Carlos Pinz\u00f3n y al comandante de la instituci\u00f3n general Rodolfo Palomino. Los altos funcionarios visitaron la ciudad el fin de semana y escucharon los planteamientos de los cucute\u00f1os en torno a la seguridad.<\/p>\n<p>Los alcaldes de Villa del Rosario, Los Patios y Puerto Santander aprovecharon la presencia del Ministro para \u00a0analizar el accionar de las bandas criminales en la zona de frontera.<\/p>\n<p>La seguridad en C\u00facuta ser\u00e1 reforzada a partir de los pr\u00f3ximos d\u00edas. La determinaci\u00f3n se tom\u00f3 en la reuni\u00f3n a la que asistieron el ministro Pinz\u00f3n y el general Palomino.<\/p>\n<p>Entre otras medidas, destacan las siguientes:<\/p>\n<p>1.- C\u00facuta tendr\u00e1 plan de control de indocumentados. El objetivo es evitar que lleguen personas sin documentos a ocupar el espacio p\u00fablico con ventas informales.<\/p>\n<p>2.- Empadronamiento de las motos venezolanas. Seg\u00fan estudios de la Polic\u00eda, el Ej\u00e9rcito y la Fiscal\u00eda, los delitos m\u00e1s grandes se cometen desde motos del vecino pa\u00eds.<\/p>\n<p>3.- La Estaci\u00f3n Centro. La gesti\u00f3n data de varios a\u00f1os y podr\u00eda concretarse en el 2015.<\/p>\n<p>4.- La Fiscal\u00eda acompa\u00f1ar\u00e1 a la Polic\u00eda en los tr\u00e1mites. Llegar\u00e1 un fiscal especializado en microtr\u00e1fico para combatir las redes y las bandas dedicadas a ese delito en la ciudad.<\/p>\n<p>5.- El Ej\u00e9rcito y la Polic\u00eda har\u00e1n patrullajes mixtos. La presencia de los uniformados se cumplir\u00e1 en sitios espec\u00edficos donde el delito y el crimen azotan a la ciudadan\u00eda, es decir. Se mirar\u00e1 d\u00f3nde pueden patrullar con las dos fuerzas p\u00fablicas.<\/p>\n<p>6.- Cinco CAI m\u00f3viles, en C\u00facuta y el \u00c1rea Metropolitana. 200 hombres del Escuadr\u00f3n M\u00f3vil de Carabineros y Seguridad Rural (Emcar) patrullar\u00e1n la zona rural. La Unidad T\u00e1ctica Operacional equipada, entrenada y especializada en actividades de patrullaje y control en el \u00e1rea rural tiene finalidad la recuperaci\u00f3n y la consolidaci\u00f3n de la seguridad en estas zonas del territorio nacional.<\/p>\n<p>7.- Vacaciones recreativas. Se incentivar\u00e1n las actividades l\u00fadico-culturales, los talleres de pintura y los espacios de diversi\u00f3n para los menores de edad.<\/p>\n<p>8.- Percepci\u00f3n de seguridad de la Polic\u00eda. El \u00edndice de homicidios est\u00e1 en menos 72 frente al 2013.<\/p>\n<p>&nbsp; <\/p>\n","protected":false},"excerpt":{"rendered":"<p>C\u00daCUTA.- \u00a0La labor de la polic\u00eda no se siente en C\u00facuta, les dijo el alcalde Donamaris Ram\u00edrez al ministro de defensa Juan Carlos Pinz\u00f3n y al comandante de la instituci\u00f3n general Rodolfo Palomino. Los altos funcionarios visitaron la ciudad el fin de semana y escucharon los planteamientos de los cucute\u00f1os en torno a la seguridad. &hellip;<\/p>\n","protected":false},"author":1,"featured_media":23078,"comment_status":"open","ping_status":"open","sticky":false,"template":"","format":"standard","meta":{"footnotes":""},"categories":[11,6],"tags":[1113,1115,1114,97],"class_list":["post-23077","post","type-post","status-publish","format-standard","has-post-thumbnail","hentry","category-cronica-roja","category-ojo-avizor","tag-general-rodolfo-palomino","tag-juan-carlos-pinzon","tag-ministro-de-defensa","tag-policia"],"_links":{"self":[{"href":"https:\/\/contraluzcucuta.co\/index.php?rest_route=\/wp\/v2\/posts\/23077","targetHints":{"allow":["GET"]}}],"collection":[{"href":"https:\/\/contraluzcucuta.co\/index.php?rest_route=\/wp\/v2\/posts"}],"about":[{"href":"https:\/\/contraluzcucuta.co\/index.php?rest_route=\/wp\/v2\/types\/post"}],"author":[{"embeddable":true,"href":"https:\/\/contraluzcucuta.co\/index.php?rest_route=\/wp\/v2\/users\/1"}],"replies":[{"embeddable":true,"href":"https:\/\/contraluzcucuta.co\/index.php?rest_route=%2Fwp%2Fv2%2Fcomments&post=23077"}],"version-history":[{"count":1,"href":"https:\/\/contraluzcucuta.co\/index.php?rest_route=\/wp\/v2\/posts\/23077\/revisions"}],"predecessor-version":[{"id":23079,"href":"https:\/\/contraluzcucuta.co\/index.php?rest_route=\/wp\/v2\/posts\/23077\/revisions\/23079"}],"wp:featuredmedia":[{"embeddable":true,"href":"https:\/\/contraluzcucuta.co\/index.php?rest_route=\/wp\/v2\/media\/23078"}],"wp:attachment":[{"href":"https:\/\/contraluzcucuta.co\/index.php?rest_route=%2Fwp%2Fv2%2Fmedia&parent=23077"}],"wp:term":[{"taxonomy":"category","embeddable":true,"href":"https:\/\/contraluzcucuta.co\/index.php?rest_route=%2Fwp%2Fv2%2Fcategories&post=23077"},{"taxonomy":"post_tag","embeddable":true,"href":"https:\/\/contraluzcucuta.co\/index.php?rest_route=%2Fwp%2Fv2%2Ftags&post=23077"}],"curies":[{"name":"wp","href":"https:\/\/api.w.org\/{rel}","templated":true}]}}