{"id":23074,"date":"2014-11-30T19:29:52","date_gmt":"2014-12-01T00:29:52","guid":{"rendered":"http:\/\/contraluzcucuta.co\/?p=23074"},"modified":"2014-12-04T21:21:34","modified_gmt":"2014-12-05T02:21:34","slug":"ilusion-motilona-real-madrid-en-cucuta","status":"publish","type":"post","link":"https:\/\/contraluzcucuta.co\/?p=23074","title":{"rendered":"ILUSI\u00d3N MOTILONA. Real Madrid en C\u00facuta"},"content":{"rendered":"<p><strong>C\u00daCUTA.-<\/strong> Un proyecto de alt\u00edsimo impacto, gran envergadura e incumbencia de las empresas \u00a0p\u00fablicas y privadas se presentar\u00e1 este martes en C\u00facuta. La idea est\u00e1 relacionada con la posibilidad de presentar al equipo del f\u00fatbol espa\u00f1ol Real Madrid, en el 2015.<\/p>\n<p>El ingeniero \u00a0mec\u00e1nico David Corredor Cu\u00e9llar, en su regreso a las actividades como dirigente del f\u00fatbol, dar\u00e1 a conocer los detalles de este sue\u00f1o motil\u00f3n. La reuni\u00f3n de cumplir\u00e1, el 2 de diciembre, a las 9:00 de la ma\u00f1ana, en el sal\u00f3n Keops del Hotel Tonchal\u00e1.<\/p>\n<p>En la experiencia como hombre de f\u00fatbol Corredor muestra pergaminos:<\/p>\n<p>1.- Presidente del Club Gaseosas La Frontera (Postob\u00f3n)<\/p>\n<p>2.- Secretario General, Miembro del Tribunal Deportivo, Comisi\u00f3n Arbitral y Delegado Selecciones Norte de la Liga de F\u00fatbol.<\/p>\n<p>La primera gran pre-temporada de f\u00fatbol\u00a0 internacional C\u00facuta 2015 busca aprovechar los nexos de James Rodr\u00edguez con el cuadro merengue para procurar la vivista a la capital nortesantandereana. El jugador cucute\u00f1o destaca en las filas madridistas desde su llegada luego del Mundial Brasil 2014.<\/p>\n<p>La organizaci\u00f3n estar\u00e1 a cargo de\u00a0 la empresa Davinco, fundada por David Corredor, el 19 de marzo de 1986, con Registro Mercantil 00031740 del 6 de Julio de 1988, ampliada en su objeto para organizar eventos y competencias.<\/p>\n<p>En la rueda de prensa se ampliar\u00e1 la informaci\u00f3n ante las autoridades civiles y militares,\u00a0 medios de comunicaci\u00f3n, empresarios y p\u00fablico especializado.<\/p>\n<p>La idea naci\u00f3 de la necesidad de cambiarle la imagen a la ciudad. \u201cC\u00facuta est\u00e1 relacionada con los m\u00e1s altos \u00edndices de delincuencia com\u00fan, delincuencia organizada, contrabando y crisis fronteriza\u201d, dijo Corredor al justificar la propuesta.<\/p>\n<p>Esos aspectos negativos hacen necesario atender con urgencia la\u00a0 ayuda a mejorar la p\u00e9sima imagen nacional e internacional con las consecuencias socio-econ\u00f3micas que derivan.<\/p>\n<p>En d\u00edas pasados, se lanz\u00f3 otro proyecto relacionado con el 10 de la Selecci\u00f3n Colombia. \u00c1lvaro Cristancho, excandidado a la Gobernaci\u00f3n de Norte de Santander, propuso elaborar el bal\u00f3n m\u00e1s grande del mundo en C\u00facuta. La idea comenz\u00f3 a rodar por el pa\u00eds.<\/p>\n<p>James Rodr\u00edguez naci\u00f3 en C\u00facuta, pas\u00f3 la ni\u00f1ez en Ibagu\u00e9, se form\u00f3 como futbolista en Envigado y descoll\u00f3 para el balompi\u00e9 internacional en Argentina. Jug\u00f3 en Portugal y Francia antes de aterrizar en la capital espa\u00f1ola.<\/p>\n<p><strong>Foto:\u00a0<a class=\"_ZR irc_hol\" style=\"color: #7d7d7d;\" href=\"https:\/\/www.google.com.co\/url?sa=i&amp;rct=j&amp;q=&amp;esrc=s&amp;source=images&amp;cd=&amp;cad=rja&amp;uact=8&amp;ved=0CAYQjB0&amp;url=http%3A%2F%2Fwww.ronaldoweb.com%2Ffotos-real-madrid-athletic-de-bilbao-2014%2F6%2F&amp;ei=7bV7VJrcNsajNvqRgBA&amp;bvm=bv.80642063,d.eXY&amp;psig=AFQjCNGIVY3hz3aEvXZVycGhiiFOJ1h9Cg&amp;ust=1417479951555622\" data-ved=\"0CAYQjB0\" data-href=\"http:\/\/www.ronaldoweb.com\/fotos-real-madrid-athletic-de-bilbao-2014\/6\/\"><span class=\"irc_ho\" dir=\"ltr\" style=\"color: #7d7d7d;\">www.ronaldoweb.com<\/span><\/a><\/strong> <\/p>\n","protected":false},"excerpt":{"rendered":"<p>C\u00daCUTA.- Un proyecto de alt\u00edsimo impacto, gran envergadura e incumbencia de las empresas \u00a0p\u00fablicas y privadas se presentar\u00e1 este martes en C\u00facuta. La idea est\u00e1 relacionada con la posibilidad de presentar al equipo del f\u00fatbol espa\u00f1ol Real Madrid, en el 2015. El ingeniero \u00a0mec\u00e1nico David Corredor Cu\u00e9llar, en su regreso a las actividades como dirigente &hellip;<\/p>\n","protected":false},"author":1,"featured_media":23075,"comment_status":"open","ping_status":"open","sticky":false,"template":"","format":"standard","meta":{"footnotes":""},"categories":[28],"tags":[462,1524],"class_list":["post-23074","post","type-post","status-publish","format-standard","has-post-thumbnail","hentry","category-vistazo-deportivo","tag-james-rodriguez","tag-real-madrid"],"_links":{"self":[{"href":"https:\/\/contraluzcucuta.co\/index.php?rest_route=\/wp\/v2\/posts\/23074","targetHints":{"allow":["GET"]}}],"collection":[{"href":"https:\/\/contraluzcucuta.co\/index.php?rest_route=\/wp\/v2\/posts"}],"about":[{"href":"https:\/\/contraluzcucuta.co\/index.php?rest_route=\/wp\/v2\/types\/post"}],"author":[{"embeddable":true,"href":"https:\/\/contraluzcucuta.co\/index.php?rest_route=\/wp\/v2\/users\/1"}],"replies":[{"embeddable":true,"href":"https:\/\/contraluzcucuta.co\/index.php?rest_route=%2Fwp%2Fv2%2Fcomments&post=23074"}],"version-history":[{"count":1,"href":"https:\/\/contraluzcucuta.co\/index.php?rest_route=\/wp\/v2\/posts\/23074\/revisions"}],"predecessor-version":[{"id":23076,"href":"https:\/\/contraluzcucuta.co\/index.php?rest_route=\/wp\/v2\/posts\/23074\/revisions\/23076"}],"wp:featuredmedia":[{"embeddable":true,"href":"https:\/\/contraluzcucuta.co\/index.php?rest_route=\/wp\/v2\/media\/23075"}],"wp:attachment":[{"href":"https:\/\/contraluzcucuta.co\/index.php?rest_route=%2Fwp%2Fv2%2Fmedia&parent=23074"}],"wp:term":[{"taxonomy":"category","embeddable":true,"href":"https:\/\/contraluzcucuta.co\/index.php?rest_route=%2Fwp%2Fv2%2Fcategories&post=23074"},{"taxonomy":"post_tag","embeddable":true,"href":"https:\/\/contraluzcucuta.co\/index.php?rest_route=%2Fwp%2Fv2%2Ftags&post=23074"}],"curies":[{"name":"wp","href":"https:\/\/api.w.org\/{rel}","templated":true}]}}