{"id":23066,"date":"2014-11-26T22:08:13","date_gmt":"2014-11-27T03:08:13","guid":{"rendered":"http:\/\/contraluzcucuta.co\/?p=23066"},"modified":"2014-11-30T21:04:45","modified_gmt":"2014-12-01T02:04:45","slug":"campana-el-por-ella-cada-dia-ocurren-cuatro-acosos-contra-las-mujeres","status":"publish","type":"post","link":"https:\/\/contraluzcucuta.co\/?p=23066","title":{"rendered":"CAMPA\u00d1A \u2018\u00c9L POR ELLA\u2019. \u00a0Cada d\u00eda ocurren cuatro acosos contra las mujeres"},"content":{"rendered":"<p><strong>C\u00daCUTA.-<\/strong> Cuarentaicinco denuncias sobre abuso sexual y maltrato f\u00edsico y sicol\u00f3gico contra las mujeres recibe, cada mes, el Centro de Atenci\u00f3n de V\u00edctimas de abuso sexual en C\u00facuta. En la mayor\u00eda de casos las agresiones son contra menores de edad. El responsable, por lo general, forma parte del n\u00facleo familiar.<\/p>\n<p>La desigualdad de g\u00e9nero es una de las violaciones de derechos humanos m\u00e1s recurrentes en la ciudad. A pesar de la promoci\u00f3n de los derechos de las f\u00e9minas, hace muchos a\u00f1os, las desigualdades entre mujeres y ni\u00f1as, en relaci\u00f3n con hombres y ni\u00f1os, aparecen en el mundo.<\/p>\n<p>El mensajes corresponde a la campa\u00f1a \u2018\u00c9l por Ella\u2019, dise\u00f1ado por la Organizaci\u00f3n de las Naciones Unidas (ONU-Mujeres), y replicado por la Gobernaci\u00f3n de Norte de Santander, por intermedio de la Secretaria de la Mujer.<\/p>\n<p>El lanzamiento de la estrategia se cumpli\u00f3 el 25 de noviembre en el teatro Zulima, en el acto conmemorativo del D\u00eda Internacional de la Eliminaci\u00f3n de la Violencia contra la Mujer.<\/p>\n<p>Olga Cristina Jaimes Galvis, Secretaria de Equidad y G\u00e9nero, explic\u00f3 que la sensibilizaci\u00f3n acad\u00e9mica\u00a0 es el mejor camino\u00a0 para la prevenci\u00f3n, sanci\u00f3n y erradicaci\u00f3n de los modos de violencia contra las mujeres en Norte de Santander.<\/p>\n<p>Uno de los factores diferenciales que hacen diferente esta campa\u00f1a es una propuesta innovadora y contundente que incluye por primera vez a 25 hombres, que de manera simb\u00f3lica se comprometieron a dinamizar la estrategia por intermedio del voz a voz en sus c\u00edrculos sociales.<\/p>\n<p>La \u00f3ptica desde la cual se aborda el tema de las violencias contra las mujeres no se concentra solo en las v\u00edctimas, sino que introduce la mirada masculina como factor importante a la hora de comprender el problema y generar una sacudida de conciencia con respecto a esta realidad.<\/p>\n<p>La campa\u00f1a les habla a los hombres, les dice qu\u00e9 piensan las mujeres, qu\u00e9 esperan ellas de sus actuaciones. El maltrato no es solo f\u00edsico, el 50 por ciento de los maltratos son sicol\u00f3gicos. Seg\u00fan estad\u00edsticas, cada d\u00eda ocurren cuatro acosos contra las mujeres.<\/p>\n<p><strong>\u00a0Foto: www.contraluzcucuta.co<\/strong><\/p>\n<p>&nbsp; <\/p>\n","protected":false},"excerpt":{"rendered":"<p>C\u00daCUTA.- Cuarentaicinco denuncias sobre abuso sexual y maltrato f\u00edsico y sicol\u00f3gico contra las mujeres recibe, cada mes, el Centro de Atenci\u00f3n de V\u00edctimas de abuso sexual en C\u00facuta. En la mayor\u00eda de casos las agresiones son contra menores de edad. El responsable, por lo general, forma parte del n\u00facleo familiar. La desigualdad de g\u00e9nero es &hellip;<\/p>\n","protected":false},"author":1,"featured_media":23067,"comment_status":"open","ping_status":"open","sticky":false,"template":"","format":"standard","meta":{"footnotes":""},"categories":[556,32],"tags":[1887,1888],"class_list":["post-23066","post","type-post","status-publish","format-standard","has-post-thumbnail","hentry","category-departamento","category-recorrido-por-la-region","tag-campana-el-por-ella-mujeres-en-cucuta","tag-maltrato-a-la-mujer"],"_links":{"self":[{"href":"https:\/\/contraluzcucuta.co\/index.php?rest_route=\/wp\/v2\/posts\/23066","targetHints":{"allow":["GET"]}}],"collection":[{"href":"https:\/\/contraluzcucuta.co\/index.php?rest_route=\/wp\/v2\/posts"}],"about":[{"href":"https:\/\/contraluzcucuta.co\/index.php?rest_route=\/wp\/v2\/types\/post"}],"author":[{"embeddable":true,"href":"https:\/\/contraluzcucuta.co\/index.php?rest_route=\/wp\/v2\/users\/1"}],"replies":[{"embeddable":true,"href":"https:\/\/contraluzcucuta.co\/index.php?rest_route=%2Fwp%2Fv2%2Fcomments&post=23066"}],"version-history":[{"count":1,"href":"https:\/\/contraluzcucuta.co\/index.php?rest_route=\/wp\/v2\/posts\/23066\/revisions"}],"predecessor-version":[{"id":23068,"href":"https:\/\/contraluzcucuta.co\/index.php?rest_route=\/wp\/v2\/posts\/23066\/revisions\/23068"}],"wp:featuredmedia":[{"embeddable":true,"href":"https:\/\/contraluzcucuta.co\/index.php?rest_route=\/wp\/v2\/media\/23067"}],"wp:attachment":[{"href":"https:\/\/contraluzcucuta.co\/index.php?rest_route=%2Fwp%2Fv2%2Fmedia&parent=23066"}],"wp:term":[{"taxonomy":"category","embeddable":true,"href":"https:\/\/contraluzcucuta.co\/index.php?rest_route=%2Fwp%2Fv2%2Fcategories&post=23066"},{"taxonomy":"post_tag","embeddable":true,"href":"https:\/\/contraluzcucuta.co\/index.php?rest_route=%2Fwp%2Fv2%2Ftags&post=23066"}],"curies":[{"name":"wp","href":"https:\/\/api.w.org\/{rel}","templated":true}]}}