{"id":23062,"date":"2014-11-26T21:32:45","date_gmt":"2014-11-27T02:32:45","guid":{"rendered":"http:\/\/contraluzcucuta.co\/?p=23062"},"modified":"2014-11-26T21:32:45","modified_gmt":"2014-11-27T02:32:45","slug":"futbol-de-segunda-listos-anillos-de-seguridad-en-el-general-santander","status":"publish","type":"post","link":"https:\/\/contraluzcucuta.co\/?p=23062","title":{"rendered":"F\u00daTBOL DE SEGUNDA. Listos anillos de seguridad en el General Santander"},"content":{"rendered":"<p><strong>C\u00daCUTA.-<\/strong> Mientras los jugadores del C\u00facuta Deportivo preparaban el compromiso de esta noche, frente a Quind\u00edo, para acceder a la final del torneo de la segunda divisi\u00f3n del f\u00fatbol colombiano, \u00a0integrantes de las barras rojinegras entregaban las armas que llevan al estadio y la comisi\u00f3n local para la seguridad establec\u00eda las medidas para prevenir hechos violentos en el General Santander.<\/p>\n<p>El partido comenzar\u00e1 a las 8:00 de la noche, y tiene como ingrediente especial la necesidad del cuadro rojinegro de ganar. El triunfo pondr\u00e1 al once motil\u00f3n a las puertas del ascenso a la primera categor\u00eda en el 2015. C\u00facuta volvi\u00f3 a la B en el 2013, categor\u00eda que conoce al dedillo luego de permanecer nueve a\u00f1os (1998-2006).<\/p>\n<p>La Polic\u00eda montar\u00e1 un anillo de seguridad en las afueras del estadio y que deber\u00e1n pasar los aficionados para ingresar a las tribunas. 380 agentes custodiaran la seguridad del encuentro, tres organismos de socorro, dos ambulancias, inspectores y comisarios de familia estar\u00e1n dispuestos para atender a los hinchas.<\/p>\n<p>Los espectadores locales podr\u00e1n ingresar instrumentos, banderas, trapos, tiras, papel picado y extintores con el acompa\u00f1amiento del cuerpo de Bomberos. La barra visitante ingresar\u00e1 solo la camisa del equipo. Las puertas del General Santander se abrir\u00e1n a partir de la 6:00 de la tarde.<\/p>\n<p>Entre tanto, la Polic\u00eda Metropolitana de C\u00facuta (Mecuc) en la b\u00fasqueda de mecanismos para erradicar cualquier hecho que altere la seguridad y la convivencia durante los partidos, mantiene la campa\u00f1a pedag\u00f3gica \u2018Barra segura, C\u00facuta segura\u2019, mediante la cual hinchas del C\u00facuta Deportivo se desarman voluntariamente.<\/p>\n<p>La Alcald\u00eda y los directivos del cuadro fronterizo dieron viabilidad al plan de desarme que busca hacer del balompi\u00e9 una alternativa para unir amigos, familias y barras. Se espera vincular, inicialmente, a los 1500 integrantes de la \u2018Banda del Indio\u2019.<\/p>\n<p>La esencia de la campa\u00f1a es que los hinchas locales entreguen los elementos que en determinado momento pueden ser utilizados como herramientas para fomentar el desorden p\u00fablico y alterar el normal desarrollo de los encuentros deportivos en el General Santander.<\/p>\n<p>Este mi\u00e9rcoles, se cumpli\u00f3 una jornada especial en el estadio. Los aficionados entregaron armas blancas, una granada de humo y otros art\u00edculos que pueden ser armas letales para la integridad de los asistentes al escenario deportivo.<\/p>\n<p>La campa\u00f1a se pondr\u00e1 en marcha en cada partido local. De manera estrat\u00e9gica, este jueves en la tarde, se habilitar\u00e1n dos centros de recepci\u00f3n para que cualquier hincha, sin restricci\u00f3n, entregue los art\u00edculos utilizados para fomentar la violencia.<\/p>\n<p>Entre las restricciones destacan:<\/p>\n<p>1.- No podr\u00e1n ingresar menores de 10 a\u00f1os<\/p>\n<p>2.- No se permitir\u00e1 el porte de correas, bastones, palos, elementos contundentes<\/p>\n<p>3.- No podr\u00e1n ingresar p\u00f3lvora.<\/p>\n<p>4.- No llevar elementos que no hagan parte de la indumentaria \u00a0para acompa\u00f1ar y festejar con el equipo.<\/p>\n<p>&nbsp; <\/p>\n","protected":false},"excerpt":{"rendered":"<p>C\u00daCUTA.- Mientras los jugadores del C\u00facuta Deportivo preparaban el compromiso de esta noche, frente a Quind\u00edo, para acceder a la final del torneo de la segunda divisi\u00f3n del f\u00fatbol colombiano, \u00a0integrantes de las barras rojinegras entregaban las armas que llevan al estadio y la comisi\u00f3n local para la seguridad establec\u00eda las medidas para prevenir hechos &hellip;<\/p>\n","protected":false},"author":1,"featured_media":23063,"comment_status":"open","ping_status":"open","sticky":false,"template":"","format":"standard","meta":{"footnotes":""},"categories":[4],"tags":[1886,192,301,1098],"class_list":["post-23062","post","type-post","status-publish","format-standard","has-post-thumbnail","hentry","category-barra","tag-atletico-quindio","tag-cucuta-deportivo","tag-futbol-profesional-colombiano","tag-torneo-de-la-b"],"_links":{"self":[{"href":"https:\/\/contraluzcucuta.co\/index.php?rest_route=\/wp\/v2\/posts\/23062","targetHints":{"allow":["GET"]}}],"collection":[{"href":"https:\/\/contraluzcucuta.co\/index.php?rest_route=\/wp\/v2\/posts"}],"about":[{"href":"https:\/\/contraluzcucuta.co\/index.php?rest_route=\/wp\/v2\/types\/post"}],"author":[{"embeddable":true,"href":"https:\/\/contraluzcucuta.co\/index.php?rest_route=\/wp\/v2\/users\/1"}],"replies":[{"embeddable":true,"href":"https:\/\/contraluzcucuta.co\/index.php?rest_route=%2Fwp%2Fv2%2Fcomments&post=23062"}],"version-history":[{"count":1,"href":"https:\/\/contraluzcucuta.co\/index.php?rest_route=\/wp\/v2\/posts\/23062\/revisions"}],"predecessor-version":[{"id":23064,"href":"https:\/\/contraluzcucuta.co\/index.php?rest_route=\/wp\/v2\/posts\/23062\/revisions\/23064"}],"wp:featuredmedia":[{"embeddable":true,"href":"https:\/\/contraluzcucuta.co\/index.php?rest_route=\/wp\/v2\/media\/23063"}],"wp:attachment":[{"href":"https:\/\/contraluzcucuta.co\/index.php?rest_route=%2Fwp%2Fv2%2Fmedia&parent=23062"}],"wp:term":[{"taxonomy":"category","embeddable":true,"href":"https:\/\/contraluzcucuta.co\/index.php?rest_route=%2Fwp%2Fv2%2Fcategories&post=23062"},{"taxonomy":"post_tag","embeddable":true,"href":"https:\/\/contraluzcucuta.co\/index.php?rest_route=%2Fwp%2Fv2%2Ftags&post=23062"}],"curies":[{"name":"wp","href":"https:\/\/api.w.org\/{rel}","templated":true}]}}