{"id":23059,"date":"2014-11-26T21:06:23","date_gmt":"2014-11-27T02:06:23","guid":{"rendered":"http:\/\/contraluzcucuta.co\/?p=23059"},"modified":"2014-11-30T20:14:32","modified_gmt":"2014-12-01T01:14:32","slug":"crisis-en-la-frontera-guardia-venezolana-agredio-a-periodistas-cucutenos","status":"publish","type":"post","link":"https:\/\/contraluzcucuta.co\/?p=23059","title":{"rendered":"CRISIS EN LA FRONTERA. Guardia venezolana agredi\u00f3 \u00a0a periodistas cucute\u00f1os"},"content":{"rendered":"<p><strong>SAN CRIST\u00d3BAL \u2013 Venezuela.-<\/strong> Miembros de la Guardia Nacional Bolivariana (GNB) agredi\u00f3 y amenaz\u00f3 a periodistas cucute\u00f1os en San Crist\u00f3bal (estado T\u00e1chira), mientras cubr\u00edan la entrega a cuerpos de seguridad venezolanos de tres efectivos de la GNB detenidos en territorio colombiano, el 26 de noviembre.<\/p>\n<p>Los uniformados prohibieron el acceso al pa\u00eds del camar\u00f3grafo Carlos Melo (Caracol Noticias), lo que oblig\u00f3 a la reportera Zulay Ucr\u00f3s, del mismo canal de noticias, a registrar lo sucedido por tel\u00e9fono celular. La periodista narr\u00f3 que fueron amenazados con \u201cponerlos tras las rejas\u201d si segu\u00edan haciendo el trabajo. La amenazaron con quitarle el tel\u00e9fono celular y fue agredida f\u00edsicamente.<\/p>\n<p>Ucr\u00f3s relat\u00f3, en transmisi\u00f3n por Noticias Caracol, que el camar\u00f3grafo del canal RCN tambi\u00e9n fue golpeado en el pecho por un funcionario venezolano. El hecho no qued\u00f3 registrado, porque le quitaron la bater\u00eda de la c\u00e1mara.<\/p>\n<p>\u201cNunca me imagine que fueran a llegar hasta all\u00e1 (agresiones y amenazas)\u201d dijo la periodista. Denunci\u00f3 un \u201cirrespeto total\u201d a los trabajadores de la prensa. La periodista agreg\u00f3 que las restricciones no son solo contra Noticias Caracol y RCN sino que \u201ceso pasa con todos los medios\u201d.<\/p>\n<p>La cobertura period\u00edstica en territorio fronterizo es compleja, debido a que la GNB, la mayor\u00eda de las veces, no les permite grabar durante los operativos que llevan a cabo. \u201cPrefieren manejar todo con hermetismo\u201d. En ocasiones, los uniformados les han quitado el material period\u00edstico y las memorias de las c\u00e1maras fotogr\u00e1ficas y de video.<\/p>\n<p>Seg\u00fan la periodista, a los efectivos de seguridad parece molestarles \u201cque el pa\u00eds (Colombia) y muchas personas se enteren de lo que realmente ocurre\u201d en la zona fronteriza.<\/p>\n<p><strong>M\u00c1S CIUDADO, PIDE ALCALDE <\/strong><\/p>\n<p>Ante el nuevo incidente fronterizo, protagonizado por efectivos de la guardia venezolana, el alcalde de C\u00facuta, Donamaris Ram\u00edrez, dijo que \u201cno est\u00e1 bien que hayan pasado la frontera, tienen que tener m\u00e1s cuidado\u201d.<\/p>\n<p>Asegur\u00f3 que llega el momento en que se est\u00e1 produciendo un cansancio, la misma Canciller\u00eda, el martes, orden\u00f3 que esas personas se quedaran unas horas m\u00e1s, pasaran la noche y hasta hoy dio la orden de entregarlos.<\/p>\n<p>Reiter\u00f3 que la situaci\u00f3n de los civiles es tener cuidado y recibir bien a los hermanos venezolanos. \u201cQue vengan e inviertan, aqu\u00ed en C\u00facuta hay para comprar y tenemos qu\u00e9 venderles\u201d.<\/p>\n<p><strong>Fuentes: Espacio P\u00fablico (V\u00eda: Prensa CNP Caracas) y Alcald\u00eda de C\u00facuta<\/strong><\/p>\n<p><strong>Foto:\u00a0<a class=\"_ZR irc_hol\" style=\"color: #d6d6d6;\" href=\"https:\/\/www.google.com.co\/url?sa=i&amp;rct=j&amp;q=&amp;esrc=s&amp;source=images&amp;cd=&amp;cad=rja&amp;uact=8&amp;ved=0CAYQjB0&amp;url=http%3A%2F%2Fwww.pulzo.com%2Fnacion%2F227801-policia-colombiana-detuvo-o-protegio-miembros-de-guardia-venezolana-en-cucuta&amp;ei=94Z2VIDmCYe-ggSCuoOQDQ&amp;bvm=bv.80642063,d.eXY&amp;psig=AFQjCNF7v5eyApaPpt-H-2Oo7FPF6gyv7A&amp;ust=1417140340165554\" data-ved=\"0CAYQjB0\" data-href=\"http:\/\/www.pulzo.com\/nacion\/227801-policia-colombiana-detuvo-o-protegio-miembros-de-guardia-venezolana-en-cucuta\"><span class=\"irc_ho\" dir=\"ltr\" style=\"color: #d6d6d6;\">www.pulzo.com<\/span><\/a><\/strong> <\/p>\n","protected":false},"excerpt":{"rendered":"<p>SAN CRIST\u00d3BAL \u2013 Venezuela.- Miembros de la Guardia Nacional Bolivariana (GNB) agredi\u00f3 y amenaz\u00f3 a periodistas cucute\u00f1os en San Crist\u00f3bal (estado T\u00e1chira), mientras cubr\u00edan la entrega a cuerpos de seguridad venezolanos de tres efectivos de la GNB detenidos en territorio colombiano, el 26 de noviembre. Los uniformados prohibieron el acceso al pa\u00eds del camar\u00f3grafo Carlos &hellip;<\/p>\n","protected":false},"author":1,"featured_media":23060,"comment_status":"open","ping_status":"open","sticky":false,"template":"","format":"standard","meta":{"footnotes":""},"categories":[1326,6],"tags":[1164,1179,1885],"class_list":["post-23059","post","type-post","status-publish","format-standard","has-post-thumbnail","hentry","category-crisis-en-venezuela-2","category-ojo-avizor","tag-crisis-en-venezuela","tag-guardia-venezolana","tag-periodistas-cucutenos"],"_links":{"self":[{"href":"https:\/\/contraluzcucuta.co\/index.php?rest_route=\/wp\/v2\/posts\/23059","targetHints":{"allow":["GET"]}}],"collection":[{"href":"https:\/\/contraluzcucuta.co\/index.php?rest_route=\/wp\/v2\/posts"}],"about":[{"href":"https:\/\/contraluzcucuta.co\/index.php?rest_route=\/wp\/v2\/types\/post"}],"author":[{"embeddable":true,"href":"https:\/\/contraluzcucuta.co\/index.php?rest_route=\/wp\/v2\/users\/1"}],"replies":[{"embeddable":true,"href":"https:\/\/contraluzcucuta.co\/index.php?rest_route=%2Fwp%2Fv2%2Fcomments&post=23059"}],"version-history":[{"count":1,"href":"https:\/\/contraluzcucuta.co\/index.php?rest_route=\/wp\/v2\/posts\/23059\/revisions"}],"predecessor-version":[{"id":23061,"href":"https:\/\/contraluzcucuta.co\/index.php?rest_route=\/wp\/v2\/posts\/23059\/revisions\/23061"}],"wp:featuredmedia":[{"embeddable":true,"href":"https:\/\/contraluzcucuta.co\/index.php?rest_route=\/wp\/v2\/media\/23060"}],"wp:attachment":[{"href":"https:\/\/contraluzcucuta.co\/index.php?rest_route=%2Fwp%2Fv2%2Fmedia&parent=23059"}],"wp:term":[{"taxonomy":"category","embeddable":true,"href":"https:\/\/contraluzcucuta.co\/index.php?rest_route=%2Fwp%2Fv2%2Fcategories&post=23059"},{"taxonomy":"post_tag","embeddable":true,"href":"https:\/\/contraluzcucuta.co\/index.php?rest_route=%2Fwp%2Fv2%2Ftags&post=23059"}],"curies":[{"name":"wp","href":"https:\/\/api.w.org\/{rel}","templated":true}]}}