{"id":23039,"date":"2014-11-23T10:47:32","date_gmt":"2014-11-23T15:47:32","guid":{"rendered":"http:\/\/contraluzcucuta.co\/?p=23039"},"modified":"2014-11-23T10:47:32","modified_gmt":"2014-11-23T15:47:32","slug":"opinion-el-general-perdio-la-perspectiva","status":"publish","type":"post","link":"https:\/\/contraluzcucuta.co\/?p=23039","title":{"rendered":"OPINI\u00d3N. El general perdi\u00f3 la perspectiva"},"content":{"rendered":"<p>Jam\u00e1s llegamos a pensar que fuera posible una imprevisi\u00f3n de esta magnitud, por parte\u00a0 de un general del Ej\u00e9rcito -con poder y mando- en tan conflictiva regi\u00f3n geogr\u00e1fica del pa\u00eds, como lo es Choc\u00f3, sin medir las consecuencias\u00a0 de poner\u00a0 en riesgo el esfuerzo m\u00e1s significativo por lograr un acuerdo negociado al grave conflicto armado que arrastramos los colombianos hace m\u00e1s de 60 a\u00f1os. Si bien las cosas no marchaban al ciento por ciento, si era aceptable el ritmo de las conversaciones en La Habana, donde los acuerdos llegaban lentamente, pero llegaban.<\/p>\n<p>Esta fr\u00e1gil situaci\u00f3n se rompi\u00f3 en mil pedazos cuando, seg\u00fan los pobladores del corregimiento Las Mercedes (Choc\u00f3), una peque\u00f1a comisi\u00f3n guerrillera de las Farc, compuesta por\u00a0 tres hombres discretamente armados, pidi\u00f3 al general Rub\u00e9n Dar\u00edo Alzate Mora, comandante de la Fuerza de Tarea Conjunta Tit\u00e1n que enfrenta a los grupos armados ilegales en esa zona, acompa\u00f1arlos hasta sus campamentos, en la \u2018panga\u2019 o peque\u00f1a lancha fuera de borda, invitaci\u00f3n que al parecer el general acept\u00f3 sin discusi\u00f3n.<\/p>\n<p>\u00a1Aqu\u00ed fue Troya! El senador \u00c1lvaro Uribe, quien se enter\u00f3\u00a0 del episodio minutos antes que el presidente Santos, y que al ser enconado enemigo del proceso de paz, comenz\u00f3\u00a0 una campa\u00f1a por tuiter junto a sus senadores del Centro Democr\u00e1tico, que buscaban minar la autoridad del Presidente y obligarlo junto a francos sectores de derecha a romper los di\u00e1logos de La Habana.<\/p>\n<p>Esta arremetida de los sectores proclives a la guerra y reacios a cualquier proceso de paz llev\u00f3 a Santos a declarar una suspensi\u00f3n de los di\u00e1logos, con la esperanza que los destacamentos de las Farc que retienen al general Alzate comprendieran la gravedad de lo ocurrido, y pronto lo pusieran en libertad. Este gesto de suspensi\u00f3n, si bien iba en contra del sentido de los acuerdos, dado que ninguna situaci\u00f3n que ocurra en medio de la conflagraci\u00f3n armada pod\u00eda interrumpir los di\u00e1logos en La Habana, al menos sirvi\u00f3 como fr\u00e1gil muro de contenci\u00f3n frente a los grupos de presi\u00f3n de derecha que ped\u00edan la ruptura del proceso.<\/p>\n<p>Manifiestan los entendidos que la noticia tom\u00f3 de sorpresa a los delegados de las Farc en los di\u00e1logos y por tal motivo se tomaron m\u00e1s de 24 horas en responder desde Cuba los m\u00faltiples interrogantes que planteaba la opini\u00f3n nacional e internacional. Hay que reconocer que la conferencia de prensa que ofrecieron estuvo marcada dentro de los t\u00e9rminos de la cordura y la sind\u00e9resis, manifestaron el compromiso de comenzar a trabajar inmediatamente\u00a0 con los garantes internacionales de los di\u00e1logos de paz, Cuba y Noruega, para la pronta liberaci\u00f3n del general Alzate y sus acompa\u00f1antes. Pidieron el tiempo necesario para actuar en medio de la grave situaci\u00f3n de guerra que se vive en esos momentos en Choc\u00f3, manifestaron, adem\u00e1s, proteger la vida del oficial ante la arremetida de grupos militares encargados de rescatar a los retenidos por la guerrilla.<\/p>\n<p>Despu\u00e9s de estas declaraciones del Gobierno y los delegados de las Farc, los amantes y los trabajadores de la paz recuperamos la fe y la esperanza en que las conversaciones continuar\u00e1n en el ambiente fraterno y respetuoso como se ven\u00edan adelantando. M\u00e1s aun, muchos sentimos que es el momento de expresar que toda crisis encierra una oportunidad en su seno y as\u00ed las\u00a0 partes comprometidas en este conflicto aprovecharan esta crisis para convertirla en una excelente coyuntura para blindar los di\u00e1logos y as\u00ed evitar que nuevas circunstancias, ocurridas en la geograf\u00eda nacional de cualquier orden, vayan a poner en franco riesgo los avances en el proceso de paz.<\/p>\n<p>Ser\u00eda conveniente para la salud de estos esfuerzos, que se abra la discusi\u00f3n y el an\u00e1lisis para ver la posibilidad real de plantearse el \u2018cese bilateral de fuego\u2019 que dar\u00eda la oportunidad de cesar hostilidades en el territorio nacional, contando con la presencia veedora de la Comunidad Internacional que tanto apoyo ha manifestado al presidente Santos y a los miembros de las Farc en La Habana.<\/p>\n<p>Los dos a\u00f1os trascurridos desde el inicio de los di\u00e1logos, en medio del conflicto, es tiempo m\u00e1s que suficiente para ganar la confianza requerida entre las partes y\u00a0 adelantar la complejidad de estas conversaciones. La mejor noticia que le pueden dar a la sociedad colombiana amante de la paz y la convivencia, por parte del presidente Santos y las Farc, es que los di\u00e1logos entraran en una nueva fase reconocida por el cese al fuego, anuncio que indicar\u00eda a Colombia y al mundo que ahora s\u00ed y de verdad, verdad, vamos a ser capaces de aislar para siempre la violencia de la pol\u00edtica y\u00a0 prepararnos para asumir la tarea de hacer realidad un nuevo proyecto de naci\u00f3n caracterizado por la justicia social, la inclusi\u00f3n, el respeto a los derechos humanos y la solidaridad como v\u00ednculo supremo entre todos los colombianos.<\/p>\n<p><strong>ALONSO OJEDA AWAD.<\/strong><\/p>\n<p><strong>Ex embajador de Colombia.<\/strong><\/p>\n<p><strong>Director programa Paz &#8211; Universidad Pedag\u00f3gica Nacional\u00a0 <\/strong><\/p>\n<p><strong>Foto: \u00a0<a href=\"https:\/\/www.google.com.co\/url?sa=i&amp;rct=j&amp;q=&amp;esrc=s&amp;source=images&amp;cd=&amp;cad=rja&amp;uact=8&amp;ved=0CAYQjB0&amp;url=http%3A%2F%2Fwww.lapatilla.com%2Fsite%2F2014%2F11%2F18%2Feeuu-condena-el-secuestro-del-general-alzate-en-colombia%2F&amp;ei=Nv1xVLTGHsmjNo-cgEA&amp;bvm=bv.80185997,d.eXY&amp;psig=AFQjCNFRj67hRVO2Hz3Erac8m-7MnwaoDQ&amp;ust=1416842904164916\">www.lapatilla.com<\/a><\/strong> <\/p>\n","protected":false},"excerpt":{"rendered":"<p>Jam\u00e1s llegamos a pensar que fuera posible una imprevisi\u00f3n de esta magnitud, por parte\u00a0 de un general del Ej\u00e9rcito -con poder y mando- en tan conflictiva regi\u00f3n geogr\u00e1fica del pa\u00eds, como lo es Choc\u00f3, sin medir las consecuencias\u00a0 de poner\u00a0 en riesgo el esfuerzo m\u00e1s significativo por lograr un acuerdo negociado al grave conflicto armado &hellip;<\/p>\n","protected":false},"author":1,"featured_media":23040,"comment_status":"open","ping_status":"open","sticky":false,"template":"","format":"standard","meta":{"footnotes":""},"categories":[14,4],"tags":[665,1874,1873,1875],"class_list":["post-23039","post","type-post","status-publish","format-standard","has-post-thumbnail","hentry","category-articulistas","category-barra","tag-dialogos-de-paz","tag-farc","tag-general-ruben-dario-alzate-mora","tag-la-habana"],"_links":{"self":[{"href":"https:\/\/contraluzcucuta.co\/index.php?rest_route=\/wp\/v2\/posts\/23039","targetHints":{"allow":["GET"]}}],"collection":[{"href":"https:\/\/contraluzcucuta.co\/index.php?rest_route=\/wp\/v2\/posts"}],"about":[{"href":"https:\/\/contraluzcucuta.co\/index.php?rest_route=\/wp\/v2\/types\/post"}],"author":[{"embeddable":true,"href":"https:\/\/contraluzcucuta.co\/index.php?rest_route=\/wp\/v2\/users\/1"}],"replies":[{"embeddable":true,"href":"https:\/\/contraluzcucuta.co\/index.php?rest_route=%2Fwp%2Fv2%2Fcomments&post=23039"}],"version-history":[{"count":1,"href":"https:\/\/contraluzcucuta.co\/index.php?rest_route=\/wp\/v2\/posts\/23039\/revisions"}],"predecessor-version":[{"id":23041,"href":"https:\/\/contraluzcucuta.co\/index.php?rest_route=\/wp\/v2\/posts\/23039\/revisions\/23041"}],"wp:featuredmedia":[{"embeddable":true,"href":"https:\/\/contraluzcucuta.co\/index.php?rest_route=\/wp\/v2\/media\/23040"}],"wp:attachment":[{"href":"https:\/\/contraluzcucuta.co\/index.php?rest_route=%2Fwp%2Fv2%2Fmedia&parent=23039"}],"wp:term":[{"taxonomy":"category","embeddable":true,"href":"https:\/\/contraluzcucuta.co\/index.php?rest_route=%2Fwp%2Fv2%2Fcategories&post=23039"},{"taxonomy":"post_tag","embeddable":true,"href":"https:\/\/contraluzcucuta.co\/index.php?rest_route=%2Fwp%2Fv2%2Ftags&post=23039"}],"curies":[{"name":"wp","href":"https:\/\/api.w.org\/{rel}","templated":true}]}}