{"id":23036,"date":"2014-11-23T10:20:15","date_gmt":"2014-11-23T15:20:15","guid":{"rendered":"http:\/\/contraluzcucuta.co\/?p=23036"},"modified":"2014-11-23T10:20:15","modified_gmt":"2014-11-23T15:20:15","slug":"violencia-intrafamiliar-300-mujeres-capacitadas-en-huertas-caseras","status":"publish","type":"post","link":"https:\/\/contraluzcucuta.co\/?p=23036","title":{"rendered":"VIOLENCIA INTRAFAMILIAR. 300 mujeres capacitadas en\u00a0 huertas caseras"},"content":{"rendered":"<p><strong>C\u00daCUTA.-<\/strong> \u00a0Las ferias de emprendimiento, impulsadas en C\u00facuta para superar la crisis de desempleo, han servido para abrirles las posibilidades de negocios a las madres cabeza de hogar.<\/p>\n<p>En las actividades las mujeres muestran los productos elaborados en casa y los ponen a la venta de los cucute\u00f1os. De esta manera ayudan al presupuesto familiar y encuentran una ocupaci\u00f3n digna.<\/p>\n<p>Otros programas en los que se han tenido en cuenta a las mujeres son los relacionados con la violencia intrafamiliar y la capacitaci\u00f3n en huertas caseras.<\/p>\n<p>Trescientas mujeres recibieron capacitaci\u00f3n como parte de la primera fase del proceso socioecon\u00f3mico. Participaron integrantes de las 132 asociaciones de madres cabeza de hogar que agrupan a 600 mujeres, en C\u00facuta.<\/p>\n<p>La entrega de las certificaciones se cumpli\u00f3 en la planta baja del Palacio Municipal. En el 2015, continuar\u00e1n las jornadas para dignificar el trabajo de la mujer.<\/p>\n<p>La administraci\u00f3n municipal ha gestionado vivienda y adelanta otros programas sociales para la atenci\u00f3n integral al adulto mayor y de empleo temporal por cuatro meses.<\/p>\n<p>Irma Uchada Lizcano, presidenta de la corporaci\u00f3n de madres cabeza de hogar \u2018Insp\u00edrate, piensa verde, act\u00faa verde\u2019, certificada en prevenci\u00f3n contra la violencia intrafamiliar, agradeci\u00f3 al alcalde Donamaris Ram\u00edrez el haberlas tenido en cuenta para el desarrollo de las actividades.<\/p>\n<p>\u201cNos queda un reto, trabajar en los barrios y visitar la comunidad para continuar con el proyecto\u201d, acot\u00f3.<\/p>\n<p>Las mujeres recibieron un kit con semillas y juegos did\u00e1cticos para que, en el receso que puede durar tres meses, tengan la posibilidad de cultivar en las huertas caseras.<\/p>\n<p>En la segunda etapa el programa iniciar\u00e1 la capacitaci\u00f3n para la comercializaci\u00f3n de los productos de las huertas. El primer paso se dio con las ferias de emprendimiento, en las que se han mostrado los productos cultivados en huertas, art\u00edculos de aseo, bisuter\u00eda, decoraciones y manualidades.<\/p>\n<p>Blanca Carvajal, presidenta de la asociaci\u00f3n de mujeres cabeza de hogar \u2018Embajadoras del futuro\u2019, certificada en proyectos productivos, expuso art\u00edculos de aseo, l\u00edmpido, ambientadores y jab\u00f3n l\u00edquido para las manos.<\/p>\n<p>Agradeci\u00f3 el impulso a los proyectos productivos y la oportunidad de generar empleo a otras asociaciones y tener ingresos, para suplir las necesidades familiares.<\/p>\n<p>La entrega de certificaciones fue una fiesta a la productividad y una manera de hacer valer el trabajo digno de las mujeres cucute\u00f1as cabeza de hogar.<\/p>\n<p>Foto: www.contraluzcucuta.co<\/p>\n<p>&nbsp; <\/p>\n","protected":false},"excerpt":{"rendered":"<p>C\u00daCUTA.- \u00a0Las ferias de emprendimiento, impulsadas en C\u00facuta para superar la crisis de desempleo, han servido para abrirles las posibilidades de negocios a las madres cabeza de hogar. En las actividades las mujeres muestran los productos elaborados en casa y los ponen a la venta de los cucute\u00f1os. De esta manera ayudan al presupuesto familiar &hellip;<\/p>\n","protected":false},"author":1,"featured_media":23037,"comment_status":"open","ping_status":"open","sticky":false,"template":"","format":"standard","meta":{"footnotes":""},"categories":[4,5],"tags":[1872,1871,632],"class_list":["post-23036","post","type-post","status-publish","format-standard","has-post-thumbnail","hentry","category-barra","category-justicia-transicional","tag-ferias-de-emprendimiento","tag-huertas-caseras","tag-violencia-intrafamiliar-en-cucuta"],"_links":{"self":[{"href":"https:\/\/contraluzcucuta.co\/index.php?rest_route=\/wp\/v2\/posts\/23036","targetHints":{"allow":["GET"]}}],"collection":[{"href":"https:\/\/contraluzcucuta.co\/index.php?rest_route=\/wp\/v2\/posts"}],"about":[{"href":"https:\/\/contraluzcucuta.co\/index.php?rest_route=\/wp\/v2\/types\/post"}],"author":[{"embeddable":true,"href":"https:\/\/contraluzcucuta.co\/index.php?rest_route=\/wp\/v2\/users\/1"}],"replies":[{"embeddable":true,"href":"https:\/\/contraluzcucuta.co\/index.php?rest_route=%2Fwp%2Fv2%2Fcomments&post=23036"}],"version-history":[{"count":1,"href":"https:\/\/contraluzcucuta.co\/index.php?rest_route=\/wp\/v2\/posts\/23036\/revisions"}],"predecessor-version":[{"id":23038,"href":"https:\/\/contraluzcucuta.co\/index.php?rest_route=\/wp\/v2\/posts\/23036\/revisions\/23038"}],"wp:featuredmedia":[{"embeddable":true,"href":"https:\/\/contraluzcucuta.co\/index.php?rest_route=\/wp\/v2\/media\/23037"}],"wp:attachment":[{"href":"https:\/\/contraluzcucuta.co\/index.php?rest_route=%2Fwp%2Fv2%2Fmedia&parent=23036"}],"wp:term":[{"taxonomy":"category","embeddable":true,"href":"https:\/\/contraluzcucuta.co\/index.php?rest_route=%2Fwp%2Fv2%2Fcategories&post=23036"},{"taxonomy":"post_tag","embeddable":true,"href":"https:\/\/contraluzcucuta.co\/index.php?rest_route=%2Fwp%2Fv2%2Ftags&post=23036"}],"curies":[{"name":"wp","href":"https:\/\/api.w.org\/{rel}","templated":true}]}}