{"id":23033,"date":"2014-11-20T22:30:18","date_gmt":"2014-11-21T03:30:18","guid":{"rendered":"http:\/\/contraluzcucuta.co\/?p=23033"},"modified":"2014-11-20T22:30:18","modified_gmt":"2014-11-21T03:30:18","slug":"futbol-de-segunda-cucuta-perdio-y-bajo-a-la-tercera-casilla","status":"publish","type":"post","link":"https:\/\/contraluzcucuta.co\/?p=23033","title":{"rendered":"F\u00daTBOL DE SEGUNDA. C\u00facuta perdi\u00f3 y baj\u00f3 a la tercera casilla"},"content":{"rendered":"<p>El C\u00facuta Deportivo, a pesar de las palabras elogiosas desde Monter\u00eda, perdi\u00f3 con Jaguares (2-0) e la cuarta fecha de los cuadrangulares semifinales e la segunda divisi\u00f3n del f\u00fatbol profesional colombiano.<\/p>\n<p>Los aficionados hab\u00edan puesto las esperanzas en el equipo, luego del triunfo el lunes festivo al mismo rival. Los motilones no pudieron mantener la hegemon\u00eda sobre el cuadro cordob\u00e9s, al que hab\u00eda vencido en dos oportunidades en el General Santander.<\/p>\n<p>La clasificaci\u00f3n del grupo muestra el cu\u00e1druple empate en puntos. Las diferencias est\u00e1n marcadas por las posiciones en el torneo de todos contra todos. Este fin de semana el once rojinegro ir\u00e1 a Bucaramanga y despu\u00e9s recibir\u00e1 al Quind\u00edo en el remate del campeonato.<\/p>\n<p>&nbsp; <\/p>\n","protected":false},"excerpt":{"rendered":"<p>El C\u00facuta Deportivo, a pesar de las palabras elogiosas desde Monter\u00eda, perdi\u00f3 con Jaguares (2-0) e la cuarta fecha de los cuadrangulares semifinales e la segunda divisi\u00f3n del f\u00fatbol profesional colombiano. Los aficionados hab\u00edan puesto las esperanzas en el equipo, luego del triunfo el lunes festivo al mismo rival. Los motilones no pudieron mantener la &hellip;<\/p>\n","protected":false},"author":1,"featured_media":23034,"comment_status":"open","ping_status":"open","sticky":false,"template":"","format":"standard","meta":{"footnotes":""},"categories":[28],"tags":[],"class_list":["post-23033","post","type-post","status-publish","format-standard","has-post-thumbnail","hentry","category-vistazo-deportivo"],"_links":{"self":[{"href":"https:\/\/contraluzcucuta.co\/index.php?rest_route=\/wp\/v2\/posts\/23033","targetHints":{"allow":["GET"]}}],"collection":[{"href":"https:\/\/contraluzcucuta.co\/index.php?rest_route=\/wp\/v2\/posts"}],"about":[{"href":"https:\/\/contraluzcucuta.co\/index.php?rest_route=\/wp\/v2\/types\/post"}],"author":[{"embeddable":true,"href":"https:\/\/contraluzcucuta.co\/index.php?rest_route=\/wp\/v2\/users\/1"}],"replies":[{"embeddable":true,"href":"https:\/\/contraluzcucuta.co\/index.php?rest_route=%2Fwp%2Fv2%2Fcomments&post=23033"}],"version-history":[{"count":1,"href":"https:\/\/contraluzcucuta.co\/index.php?rest_route=\/wp\/v2\/posts\/23033\/revisions"}],"predecessor-version":[{"id":23035,"href":"https:\/\/contraluzcucuta.co\/index.php?rest_route=\/wp\/v2\/posts\/23033\/revisions\/23035"}],"wp:featuredmedia":[{"embeddable":true,"href":"https:\/\/contraluzcucuta.co\/index.php?rest_route=\/wp\/v2\/media\/23034"}],"wp:attachment":[{"href":"https:\/\/contraluzcucuta.co\/index.php?rest_route=%2Fwp%2Fv2%2Fmedia&parent=23033"}],"wp:term":[{"taxonomy":"category","embeddable":true,"href":"https:\/\/contraluzcucuta.co\/index.php?rest_route=%2Fwp%2Fv2%2Fcategories&post=23033"},{"taxonomy":"post_tag","embeddable":true,"href":"https:\/\/contraluzcucuta.co\/index.php?rest_route=%2Fwp%2Fv2%2Ftags&post=23033"}],"curies":[{"name":"wp","href":"https:\/\/api.w.org\/{rel}","templated":true}]}}