{"id":23027,"date":"2014-11-20T22:01:28","date_gmt":"2014-11-21T03:01:28","guid":{"rendered":"http:\/\/contraluzcucuta.co\/?p=23027"},"modified":"2014-11-23T11:33:06","modified_gmt":"2014-11-23T16:33:06","slug":"declaracion-publica-colombia-sin-heridas-clama-por-la-paz","status":"publish","type":"post","link":"https:\/\/contraluzcucuta.co\/?p=23027","title":{"rendered":"DECLARACI\u00d3N P\u00daBLICA. Colombia sin heridas clama por la paz"},"content":{"rendered":"<p>La alianza Colombia sin heridas, ante los acontecimientos ocurridos en los \u00faltimos d\u00edas y que han puesto en riesgo la continuidad de las conversaciones por el fin del conflicto armado, que adelantan el Gobierno y las guerrillas de las Farc manifiesta:<\/p>\n<p>1.- Mantenemos nuestro compromiso de seguir rodeando el proceso de negociaci\u00f3n para la construcci\u00f3n de acuerdos definitivos que pongan fin al conflicto armado.<\/p>\n<p>2.- Exigimos a las Farc la inmediata liberaci\u00f3n sanos y salvos del general Alzate y sus acompa\u00f1antes. Al igual que exigimos al Gobierno garantice las condiciones para que la liberaci\u00f3n se d\u00e9 sin poner en riesgo la vida de las personas en poder del grupo armado.<\/p>\n<p>3.- Hacemos un llamado al Gobierno para que siendo coherentes con los puntos establecidos en el preacuerdo y en correspondencia con la condici\u00f3n de dialogar en medio de la confrontaci\u00f3n armada, lo que implican que no cesan los combates, las acciones armadas y las pr\u00e1cticas de guerra propias de un conflicto armado, reanude en el menor tiempo posible y sin vacilaciones las conversaciones de paz.<\/p>\n<p>4.- Exigimos a las Farc el cese inmediato de todas las acciones contra la poblaci\u00f3n civil o que pongan en riesgo su integridad. Ratificamos nuestra exigencia a las partes acerca de la necesidad urgente de construir un Acuerdo Especial Sobre Minas Antipersonal, Menores en el conflicto y agresi\u00f3n sexual antes del fin del proceso de negociaciones en La Habana.<\/p>\n<p>5.- Es el momento de asumir el reto de continuar las negociaciones sin confrontaci\u00f3n militar y verbal, lo que puede desembocar en un cese bilateral del fuego o en el compromiso para avanzar en el desescalonamiento del conflicto, que puede incluir una Navidad sin guerra.<\/p>\n<p>6.- Convocamos a la m\u00e1s amplia manifestaci\u00f3n social nacional en respaldo al proceso de paz y de exigencia por el respeto a la poblaci\u00f3n.<\/p>\n<p>Foto:<strong><a class=\"_ZR irc_hol\" style=\"color: #d6d6d6;\" href=\"https:\/\/www.google.com.co\/url?sa=i&amp;rct=j&amp;q=&amp;esrc=s&amp;source=images&amp;cd=&amp;cad=rja&amp;uact=8&amp;ved=0CAYQjB0&amp;url=http%3A%2F%2Fwww.taringa.net%2Fposts%2Finfo%2F14232790%2FGuerrilla-de-las-FARC-destruye-cuatro-casas.html&amp;ei=2KpuVM6cNYqkNsm1gcgJ&amp;bvm=bv.80185997,d.eXY&amp;psig=AFQjCNGEFc3eZ4FAPaJqqskulKr0I6Da2g&amp;ust=1416625224559454\" data-ved=\"0CAYQjB0\" data-href=\"http:\/\/www.taringa.net\/posts\/info\/14232790\/Guerrilla-de-las-FARC-destruye-cuatro-casas.html\"><span class=\"irc_ho\" dir=\"ltr\" style=\"color: #d6d6d6;\">www.taringa.net<\/span><\/a>\u00a0<\/strong> <\/p>\n","protected":false},"excerpt":{"rendered":"<p>La alianza Colombia sin heridas, ante los acontecimientos ocurridos en los \u00faltimos d\u00edas y que han puesto en riesgo la continuidad de las conversaciones por el fin del conflicto armado, que adelantan el Gobierno y las guerrillas de las Farc manifiesta: 1.- Mantenemos nuestro compromiso de seguir rodeando el proceso de negociaci\u00f3n para la construcci\u00f3n &hellip;<\/p>\n","protected":false},"author":1,"featured_media":23028,"comment_status":"open","ping_status":"open","sticky":false,"template":"","format":"standard","meta":{"footnotes":""},"categories":[5,36],"tags":[],"class_list":["post-23027","post","type-post","status-publish","format-standard","has-post-thumbnail","hentry","category-justicia-transicional","category-la-voz-del-pueblo"],"_links":{"self":[{"href":"https:\/\/contraluzcucuta.co\/index.php?rest_route=\/wp\/v2\/posts\/23027","targetHints":{"allow":["GET"]}}],"collection":[{"href":"https:\/\/contraluzcucuta.co\/index.php?rest_route=\/wp\/v2\/posts"}],"about":[{"href":"https:\/\/contraluzcucuta.co\/index.php?rest_route=\/wp\/v2\/types\/post"}],"author":[{"embeddable":true,"href":"https:\/\/contraluzcucuta.co\/index.php?rest_route=\/wp\/v2\/users\/1"}],"replies":[{"embeddable":true,"href":"https:\/\/contraluzcucuta.co\/index.php?rest_route=%2Fwp%2Fv2%2Fcomments&post=23027"}],"version-history":[{"count":1,"href":"https:\/\/contraluzcucuta.co\/index.php?rest_route=\/wp\/v2\/posts\/23027\/revisions"}],"predecessor-version":[{"id":23029,"href":"https:\/\/contraluzcucuta.co\/index.php?rest_route=\/wp\/v2\/posts\/23027\/revisions\/23029"}],"wp:featuredmedia":[{"embeddable":true,"href":"https:\/\/contraluzcucuta.co\/index.php?rest_route=\/wp\/v2\/media\/23028"}],"wp:attachment":[{"href":"https:\/\/contraluzcucuta.co\/index.php?rest_route=%2Fwp%2Fv2%2Fmedia&parent=23027"}],"wp:term":[{"taxonomy":"category","embeddable":true,"href":"https:\/\/contraluzcucuta.co\/index.php?rest_route=%2Fwp%2Fv2%2Fcategories&post=23027"},{"taxonomy":"post_tag","embeddable":true,"href":"https:\/\/contraluzcucuta.co\/index.php?rest_route=%2Fwp%2Fv2%2Ftags&post=23027"}],"curies":[{"name":"wp","href":"https:\/\/api.w.org\/{rel}","templated":true}]}}