{"id":23015,"date":"2014-11-18T22:58:33","date_gmt":"2014-11-19T03:58:33","guid":{"rendered":"http:\/\/contraluzcucuta.co\/?p=23015"},"modified":"2014-11-20T22:21:23","modified_gmt":"2014-11-21T03:21:23","slug":"dialogos-de-paz-gobierno-y-farc-no-deben-levantarse-de-la-mesa","status":"publish","type":"post","link":"https:\/\/contraluzcucuta.co\/?p=23015","title":{"rendered":"DI\u00c1LOGOS DE PAZ. Gobierno y Farc no deben levantarse de la mesa"},"content":{"rendered":"<p><strong>C\u00daCUTA.-<\/strong> El Frente Amplio Por La Paz de Norte de Santander, como fuerza pol\u00edtica progresista que busca el cambio y la trasformaci\u00f3n social, expidi\u00f3 una declaraci\u00f3n sobre la suspensi\u00f3n de los di\u00e1logos de paz que se adelantan en La Habana.<\/p>\n<p>El grupo de trabajo est\u00e1 comprometido con la construcci\u00f3n de una sociedad colombiana m\u00e1s justa y con la soluci\u00f3n pol\u00edtica negociada al conflicto armado y social que afecta al pa\u00eds.<\/p>\n<p>El Frente est\u00e1 compuesto por 60 organizaciones pol\u00edticas, sociales, sindicales, comunales, ambientalistas y de derechos humanos. Ante la suspensi\u00f3n por parte del Gobierno de los di\u00e1logos que adelantan con las Farc, declara:<\/p>\n<p>1.- Que a pesar de los hechos ocurridos el pasado fin de semana en los que result\u00f3 retenido el brigadier general Alzate, comandante de la Fuerza Conjunta de Tarea Tit\u00e1n del Ejercito Colombiano, por parte de un grupo al parecer de las Farc, reiteramos nuestro apoyo al di\u00e1logo como mecanismo de soluci\u00f3n a las dificultades que se puedan presentar en la Mesa de Negociaci\u00f3n.<\/p>\n<ol start=\"2\">\n<li>Llamar a todos los sectores pol\u00edticos, sociales y populares a rodear el proceso de di\u00e1logo que adelantan el gobierno del presidente Santos y las Farc, para evitar que estos hechos o los que ocurran en el futuro pongan en riesgo la negociaci\u00f3n.<\/li>\n<li>Exigir al Gobierno y a la guerrilla de las Farc, no levantarse de la Mesa de Di\u00e1logo, pues tienen el deber no solo pol\u00edtico sino \u00e9tico de hacer todos los esfuerzos que sean necesarios para concretar un acuerdo de finalizaci\u00f3n de la guerra.<\/li>\n<\/ol>\n<p>Firmaron el documento Jaime G\u00f3mez Monta\u00f1ez\u00a0 (UP), Ram\u00f3n El\u00ed T\u00e1mara<\/p>\n<p>(Alianza Verde), Leonardo S\u00e1nchez (CUT) y Wilfredo Ca\u00f1izares (Fundaci\u00f3n Progresar).<\/p>\n<p>Foto:\u00a0<a class=\"_ZR irc_hol\" style=\"color: #d6d6d6;\" href=\"https:\/\/www.google.com.co\/url?sa=i&amp;rct=j&amp;q=&amp;esrc=s&amp;source=images&amp;cd=&amp;cad=rja&amp;uact=8&amp;ved=0CAYQjB0&amp;url=http%3A%2F%2Fradiomacondo.fm%2F2014%2F06%2F02%2Freanuda-el-proceso-de-paz-en-la-habana-en-torno-a-las-victimas%2F&amp;ei=-BRsVKf3CMGmNtDcgLgI&amp;bvm=bv.79908130,d.eXY&amp;psig=AFQjCNGn_QRt2qS7Mx7TxfuRvWUwumGV9g&amp;ust=1416455790874529\" data-ved=\"0CAYQjB0\" data-href=\"http:\/\/radiomacondo.fm\/2014\/06\/02\/reanuda-el-proceso-de-paz-en-la-habana-en-torno-a-las-victimas\/\"><span class=\"irc_ho\" dir=\"ltr\" style=\"color: #d6d6d6;\">radiomacondo.fm<\/span><\/a> <\/p>\n","protected":false},"excerpt":{"rendered":"<p>C\u00daCUTA.- El Frente Amplio Por La Paz de Norte de Santander, como fuerza pol\u00edtica progresista que busca el cambio y la trasformaci\u00f3n social, expidi\u00f3 una declaraci\u00f3n sobre la suspensi\u00f3n de los di\u00e1logos de paz que se adelantan en La Habana. El grupo de trabajo est\u00e1 comprometido con la construcci\u00f3n de una sociedad colombiana m\u00e1s justa &hellip;<\/p>\n","protected":false},"author":1,"featured_media":23016,"comment_status":"open","ping_status":"open","sticky":false,"template":"","format":"standard","meta":{"footnotes":""},"categories":[32],"tags":[1866],"class_list":["post-23015","post","type-post","status-publish","format-standard","has-post-thumbnail","hentry","category-recorrido-por-la-region","tag-dialogos-de-paz-en-la-habana"],"_links":{"self":[{"href":"https:\/\/contraluzcucuta.co\/index.php?rest_route=\/wp\/v2\/posts\/23015","targetHints":{"allow":["GET"]}}],"collection":[{"href":"https:\/\/contraluzcucuta.co\/index.php?rest_route=\/wp\/v2\/posts"}],"about":[{"href":"https:\/\/contraluzcucuta.co\/index.php?rest_route=\/wp\/v2\/types\/post"}],"author":[{"embeddable":true,"href":"https:\/\/contraluzcucuta.co\/index.php?rest_route=\/wp\/v2\/users\/1"}],"replies":[{"embeddable":true,"href":"https:\/\/contraluzcucuta.co\/index.php?rest_route=%2Fwp%2Fv2%2Fcomments&post=23015"}],"version-history":[{"count":1,"href":"https:\/\/contraluzcucuta.co\/index.php?rest_route=\/wp\/v2\/posts\/23015\/revisions"}],"predecessor-version":[{"id":23017,"href":"https:\/\/contraluzcucuta.co\/index.php?rest_route=\/wp\/v2\/posts\/23015\/revisions\/23017"}],"wp:featuredmedia":[{"embeddable":true,"href":"https:\/\/contraluzcucuta.co\/index.php?rest_route=\/wp\/v2\/media\/23016"}],"wp:attachment":[{"href":"https:\/\/contraluzcucuta.co\/index.php?rest_route=%2Fwp%2Fv2%2Fmedia&parent=23015"}],"wp:term":[{"taxonomy":"category","embeddable":true,"href":"https:\/\/contraluzcucuta.co\/index.php?rest_route=%2Fwp%2Fv2%2Fcategories&post=23015"},{"taxonomy":"post_tag","embeddable":true,"href":"https:\/\/contraluzcucuta.co\/index.php?rest_route=%2Fwp%2Fv2%2Ftags&post=23015"}],"curies":[{"name":"wp","href":"https:\/\/api.w.org\/{rel}","templated":true}]}}