{"id":23004,"date":"2014-11-18T21:42:49","date_gmt":"2014-11-19T02:42:49","guid":{"rendered":"http:\/\/contraluzcucuta.co\/?p=23004"},"modified":"2014-11-20T21:24:38","modified_gmt":"2014-11-21T02:24:38","slug":"museo-de-la-memoria-reto-cultural-hacia-la-exigente-trasformacion","status":"publish","type":"post","link":"https:\/\/contraluzcucuta.co\/?p=23004","title":{"rendered":"MUSEO DE LA MEMORIA. Reto cultural hacia la exigente trasformaci\u00f3n"},"content":{"rendered":"<p>El Museo de la Memoria, operando con las debidas adecuaciones y dotaciones, no es solo una necesidad cultural apremiante para esta ciudad y zona fronteriza, sino la oportunidad de otorgarles a la ense\u00f1anza de lo hist\u00f3rico-b\u00e1sico y al turismo los consecuentes apoyos y est\u00edmulos, dada la importancia de lo que fueron los comienzos, despu\u00e9s de la Conquista, la Colonia, la Independencia y el irrumpir de lo que todav\u00eda no hemos estructurado bien con los amarres democr\u00e1ticos del trabajo y la tarea compartida, entre todos.<\/p>\n<p>S\u00ed, y un Museo de la Memoria es, sobre todo, para no olvidar lo que ha tenido presencia y vivencia entre nosotros, porque los actos y las actitudes que se han cumplido han dejado notas y registros de gran consideraci\u00f3n, as\u00ed la mayor\u00eda de los comportamientos y objetos a veces se diluyan en el recuerdo, como acontece con los vestidos y las modas, los objetos de uso continuo y la variaci\u00f3n de estos ante el cambio y la modernizaci\u00f3n, de casi todo, lo que es parte integral de nuestro diario vivir.<\/p>\n<p>Por eso, un Museo de la Memoria requiere acondicionamientos y espacios debidamente definidos y estudiados, porque no es lo mismo observar fotograf\u00edas que contabilizar la presencia f\u00edsica de sistemas y medios que sirvieron y fueron \u00fatiles en determinadas \u00e9pocas, pero que ahora solo constituyen elementos de comparaci\u00f3n y de deducci\u00f3n sociol\u00f3gica e hist\u00f3rica.<\/p>\n<p>Un Museo de la Memoria es un sitio de primera categor\u00eda e importancia, porque su manejo, control y constante mejoramiento y concatenaci\u00f3n con otros centros similares exige un presupuesto bien analizado y aprobado, para que no suceda lo que ha acontecido con los intentos que no cristalizan como se anhela o porque no logran concatenar todo lo que es menester hacer part\u00edcipe y coincidente, con un prospecto de esta naturaleza y trascendencia human\u00edstica.<\/p>\n<p>Adem\u00e1s, previamente hay que enfocar con realismo y aut\u00e9ntica perspectiva positiva lo que se necesita o es exigente a t\u00e9rmino de 50,75 o m\u00e1s de 100 a\u00f1os, porque un Museo de la Memoria es la historia y el recuerdo que se revive, sin que nada se mueva, se toque, se facilite o se preste, por antojo. Y, para el caso de C\u00facuta, lo que representa el colegio del Sagrado Coraz\u00f3n, la Orden Lasallista, que tanto aporte le ha dado a nuestro medio-incluyendo, hasta la calificaci\u00f3n de la ciudad como \u2018Capital basquetera de Colombia\u2019, gracias a su influjo y a la extensi\u00f3n mixta de la labor con las consiguientes aulas, servicios y acomodamientos que son indispensables por el crecimiento y las obvias exigencias del ahora y del futuro, son hechos que no se pueden olvidar.<\/p>\n<p>&nbsp;<\/p>\n<p>Un reto y planificaci\u00f3n de esta naturaleza obliga a evaluaciones detenidas, no solo en la cuant\u00eda de las necesidades, sino en las etapas y los procedimientos que deber\u00e1n aplicarse y preverse, en virtud de las caracter\u00edsticas de las dos nuevas acciones que deben tener perfiles y visiones de conjunto, elaboradas por expertos y calculadas teniendo en cuenta, que son para la esencia primaria y b\u00e1sica de una comunidad que pide una trasformaci\u00f3n y cambio, amplia y generosa.<\/p>\n<p>En esta acci\u00f3n, y para estas obras, es requisito insustituible la presencia y la participaci\u00f3n de la ciudad y en especial de alumnos y exalumnos, profesores y amantes de la cultura.<\/p>\n<p><strong>JOS\u00c9 NEIRA REY<\/strong><\/p>\n<p><strong>Notas al margen<\/strong><\/p>\n<p>&nbsp; <\/p>\n","protected":false},"excerpt":{"rendered":"<p>El Museo de la Memoria, operando con las debidas adecuaciones y dotaciones, no es solo una necesidad cultural apremiante para esta ciudad y zona fronteriza, sino la oportunidad de otorgarles a la ense\u00f1anza de lo hist\u00f3rico-b\u00e1sico y al turismo los consecuentes apoyos y est\u00edmulos, dada la importancia de lo que fueron los comienzos, despu\u00e9s de &hellip;<\/p>\n","protected":false},"author":1,"featured_media":23006,"comment_status":"open","ping_status":"open","sticky":false,"template":"","format":"standard","meta":{"footnotes":""},"categories":[14,6,37],"tags":[1861,1860,222],"class_list":["post-23004","post","type-post","status-publish","format-standard","has-post-thumbnail","hentry","category-articulistas","category-ojo-avizor","category-paseo-cultural","tag-colegio-sagrado-corazon","tag-museo-de-la-memoria-de-cucuta","tag-quinta-teresa"],"_links":{"self":[{"href":"https:\/\/contraluzcucuta.co\/index.php?rest_route=\/wp\/v2\/posts\/23004","targetHints":{"allow":["GET"]}}],"collection":[{"href":"https:\/\/contraluzcucuta.co\/index.php?rest_route=\/wp\/v2\/posts"}],"about":[{"href":"https:\/\/contraluzcucuta.co\/index.php?rest_route=\/wp\/v2\/types\/post"}],"author":[{"embeddable":true,"href":"https:\/\/contraluzcucuta.co\/index.php?rest_route=\/wp\/v2\/users\/1"}],"replies":[{"embeddable":true,"href":"https:\/\/contraluzcucuta.co\/index.php?rest_route=%2Fwp%2Fv2%2Fcomments&post=23004"}],"version-history":[{"count":1,"href":"https:\/\/contraluzcucuta.co\/index.php?rest_route=\/wp\/v2\/posts\/23004\/revisions"}],"predecessor-version":[{"id":23007,"href":"https:\/\/contraluzcucuta.co\/index.php?rest_route=\/wp\/v2\/posts\/23004\/revisions\/23007"}],"wp:featuredmedia":[{"embeddable":true,"href":"https:\/\/contraluzcucuta.co\/index.php?rest_route=\/wp\/v2\/media\/23006"}],"wp:attachment":[{"href":"https:\/\/contraluzcucuta.co\/index.php?rest_route=%2Fwp%2Fv2%2Fmedia&parent=23004"}],"wp:term":[{"taxonomy":"category","embeddable":true,"href":"https:\/\/contraluzcucuta.co\/index.php?rest_route=%2Fwp%2Fv2%2Fcategories&post=23004"},{"taxonomy":"post_tag","embeddable":true,"href":"https:\/\/contraluzcucuta.co\/index.php?rest_route=%2Fwp%2Fv2%2Ftags&post=23004"}],"curies":[{"name":"wp","href":"https:\/\/api.w.org\/{rel}","templated":true}]}}