{"id":22985,"date":"2014-11-16T16:35:41","date_gmt":"2014-11-16T21:35:41","guid":{"rendered":"http:\/\/contraluzcucuta.co\/?p=22985"},"modified":"2014-11-18T21:47:48","modified_gmt":"2014-11-19T02:47:48","slug":"22985","status":"publish","type":"post","link":"https:\/\/contraluzcucuta.co\/?p=22985","title":{"rendered":"AN\u00c1LISIS. \u2018Pan y Circo\u2019 para Tib\u00fa"},"content":{"rendered":"<p><strong>TIB\u00da \u2013 Norte de Santander.-<\/strong> La \u00e9pica frase del poeta sat\u00edrico D\u00e9cimo Junio Juvenal \u2018Pan y circo\u2019 tiene connotaci\u00f3n hist\u00f3rica. Se conoce que antes de la ca\u00edda del imperio romano (siglo III) gobernantes y emperadores utilizaban una herramienta de control social que calmaba el hambre y apaciguaba las revueltas plebeyas con espect\u00e1culos grotescos que ofrec\u00edan a los pobladores que hac\u00edan largas filas para ingresar a combates y carreras de gladiadores en los imponente coliseos. As\u00ed cubr\u00edan irregularidades en el imperio.<\/p>\n<p>Siglos despu\u00e9s de la ca\u00edda del imperio, esta expresi\u00f3n hace parte del modismo latinoamericano, y se emplea para hacer referencia a las \u2018cortinas de humo\u2019 que alcaldes, gobernadores, senadores, representantes, presidente y financieros dise\u00f1an con el fin de encubrir oscuras acciones que en nada favorecen a los ciudadanos.<\/p>\n<p>En Colombia, desde \u00e9pocas inmemoriales, se conocen comportamientos err\u00f3neos por parte de las altas esferas que han tratado de distraer a la sociedad con entretenimiento, que sin nada que envidiar est\u00e1n a la altura de los juegos romanos.<\/p>\n<p>Como muestra, uno de los hechos recordados en el pa\u00eds ocurri\u00f3 el 6 de noviembre de 1985, cuando Noem\u00ed San\u00edn (ministra de Comunicaciones) indic\u00f3 a Inravisi\u00f3n no programar el noticiero Tv Hoy, sino transmitir el partido jugado en Bogot\u00e1 entre Millonarios y Uni\u00f3n Magdalena por las finales del f\u00fatbol colombiano. Pero no ha sido solo el deporte un agente distractor en Colombia.<\/p>\n<p>El 28 de noviembre, en Tib\u00fa, se llevar\u00e1 a cabo la inauguraci\u00f3n de las ferias y fiestas 2014. Durante tres d\u00edas los tibuyanos gozar\u00e1n de actividades musicales, recreativas y l\u00fadicas. S\u00ed, Tib\u00fa, el pueblo sin parque, sin v\u00edas de acceso y sin orden p\u00fablico, ese al que todos los d\u00edas llegan empresas contratistas de Ecopetrol a trabajar, pero que nunca consigue el desarrollo b\u00e1sico integral.<\/p>\n<p>\u00bfEs este un caso de \u2018Pan y circo\u2019 para los tibuyanos? Resulta tosco afirmar que los habitantes est\u00e1n en contra de la organizaci\u00f3n de las ferias y fiestas, pues en redes sociales se evidencian las muestras de apoyo a las actividades. Y es cierto, casi todos los tibuyanos disfrutar\u00e1n las ferias. Pero \u00bfQu\u00e9 pasar\u00e1 despu\u00e9s?<\/p>\n<p>Lo m\u00e1s seguro es que volver\u00e1 la normalidad, a las precarias condiciones de la malla vial, a los intransitables puentes y pontones en la v\u00eda Tib\u00fa-C\u00facuta, al p\u00e9simo servicio bancario y al abandono en las obras de remodelaci\u00f3n del parque Tom\u00e1s Mar\u00eda Vergara, atenuantes que tienen en jaque a este municipio nortesantandereano, debido al poco compromiso por parte de administraciones locales y departamentales.<\/p>\n<p>Para adelantar las obras hay que hacer sacrificios, soportar el caos vehicular, la incomodidad y el bullicio, pero deben ser proporcionales al trabajo que se adelanta, caso que no ocurre en Tib\u00fa. El parque central tiene dos meses sin ejecutarse labores, la adecuaci\u00f3n de la v\u00eda Tib\u00fa-La Cuatro qued\u00f3 en veremos y\u00a0\u00a0 la adecuaci\u00f3n de puentes y pontones se resuelve con un superficial ajuste que resulta insuficiente para el transito constante por esa v\u00eda.<\/p>\n<p>En los \u00faltimos a\u00f1os, Tib\u00fa ha ca\u00eddo en un \u2018apocalipsis social\u2019 que tiene al borde del caos a los habitantes, que no soportan m\u00e1s la negligencia de las administraciones locales y regionales, que se hacen los de \u2018la vista gorda\u2019 ante tantas irregularidades que ocurren en El Catatumbo.<\/p>\n<p>Lamentablemente, en \u00e9pocas electorales olvidan tomar \u2018la pastilla\u2019 para la memoria y la corrupci\u00f3n vence al amor por el pueblo, lo que convierte a los tibuyanos en c\u00f3mplices potenciales del colapso del municipio petrolero.<\/p>\n<p>Todo lo que se diga, se haga o se piense resulta risible ante la magnitud de la problem\u00e1tica socio-econ\u00f3mica que aqueja al municipio. Aunque suene ofensivo, \u2018el pan y el circo\u2019 pueden m\u00e1s que el amor a un territorio ancestral, m\u00edtico y de incalculable riqueza natural, mineral y sentimental.<\/p>\n<p><strong>ELIBARDO LE\u00d3N EST\u00c9VEZ<\/strong><\/p>\n<p><strong><a href=\"mailto:eleones89@hotmail.com\">eleones89@hotmail.com<\/a><\/strong><\/p>\n<p><strong>\u00a0<\/strong><\/p>\n<p>&nbsp; <\/p>\n","protected":false},"excerpt":{"rendered":"<p>TIB\u00da \u2013 Norte de Santander.- La \u00e9pica frase del poeta sat\u00edrico D\u00e9cimo Junio Juvenal \u2018Pan y circo\u2019 tiene connotaci\u00f3n hist\u00f3rica. Se conoce que antes de la ca\u00edda del imperio romano (siglo III) gobernantes y emperadores utilizaban una herramienta de control social que calmaba el hambre y apaciguaba las revueltas plebeyas con espect\u00e1culos grotescos que ofrec\u00edan &hellip;<\/p>\n","protected":false},"author":1,"featured_media":22986,"comment_status":"open","ping_status":"open","sticky":false,"template":"","format":"standard","meta":{"footnotes":""},"categories":[14,6],"tags":[246,279],"class_list":["post-22985","post","type-post","status-publish","format-standard","has-post-thumbnail","hentry","category-articulistas","category-ojo-avizor","tag-el-catatumbo","tag-tibu"],"_links":{"self":[{"href":"https:\/\/contraluzcucuta.co\/index.php?rest_route=\/wp\/v2\/posts\/22985","targetHints":{"allow":["GET"]}}],"collection":[{"href":"https:\/\/contraluzcucuta.co\/index.php?rest_route=\/wp\/v2\/posts"}],"about":[{"href":"https:\/\/contraluzcucuta.co\/index.php?rest_route=\/wp\/v2\/types\/post"}],"author":[{"embeddable":true,"href":"https:\/\/contraluzcucuta.co\/index.php?rest_route=\/wp\/v2\/users\/1"}],"replies":[{"embeddable":true,"href":"https:\/\/contraluzcucuta.co\/index.php?rest_route=%2Fwp%2Fv2%2Fcomments&post=22985"}],"version-history":[{"count":2,"href":"https:\/\/contraluzcucuta.co\/index.php?rest_route=\/wp\/v2\/posts\/22985\/revisions"}],"predecessor-version":[{"id":22988,"href":"https:\/\/contraluzcucuta.co\/index.php?rest_route=\/wp\/v2\/posts\/22985\/revisions\/22988"}],"wp:featuredmedia":[{"embeddable":true,"href":"https:\/\/contraluzcucuta.co\/index.php?rest_route=\/wp\/v2\/media\/22986"}],"wp:attachment":[{"href":"https:\/\/contraluzcucuta.co\/index.php?rest_route=%2Fwp%2Fv2%2Fmedia&parent=22985"}],"wp:term":[{"taxonomy":"category","embeddable":true,"href":"https:\/\/contraluzcucuta.co\/index.php?rest_route=%2Fwp%2Fv2%2Fcategories&post=22985"},{"taxonomy":"post_tag","embeddable":true,"href":"https:\/\/contraluzcucuta.co\/index.php?rest_route=%2Fwp%2Fv2%2Ftags&post=22985"}],"curies":[{"name":"wp","href":"https:\/\/api.w.org\/{rel}","templated":true}]}}