{"id":22982,"date":"2014-11-16T15:56:01","date_gmt":"2014-11-16T20:56:01","guid":{"rendered":"http:\/\/contraluzcucuta.co\/?p=22982"},"modified":"2014-11-18T21:40:05","modified_gmt":"2014-11-19T02:40:05","slug":"emprendimiento-hay-mucho-por-hacer-y-poca-oferta","status":"publish","type":"post","link":"https:\/\/contraluzcucuta.co\/?p=22982","title":{"rendered":"EMPRENDIMIENTO. \u201cHay mucho por hacer y poca oferta\u201d"},"content":{"rendered":"<p><strong>C\u00daCUTA.-<\/strong> Los robots y las bicicletas el\u00e9ctricas salidas de mecatr\u00f3nica; las artesan\u00edas y los abonos org\u00e1nicos; los alimentos y la cerveza natural, \u00a0y otras decenas de ideas de empresas forman parte de los proyectos emprendedores salidos del aula de clase de la Universidad de Pamplona.<\/p>\n<p>Luis Manuel Palomino M\u00e9ndez, decano de la facultad de ciencias empresariales, est\u00e1 seguro de que en el pa\u00eds \u00a0\u201chay mucho por hacer y poca oferta\u201d. Por eso el centro de estudios ha promovido en ocho ocasiones la feria empresarial.<\/p>\n<p>La filosof\u00eda de la facultad es el emprendimiento y lo impulsa en diversos \u00e1mbitos mediante la incubadora de empresas en la que se ayuda a que los estudiantes desarrollen las ideas de negocios. \u201cSomos la \u00fanica universidad en el pa\u00eds que tiene un contrato con el Sena para capital semilla de $ 1400 millones\u201d, dijo el decano Palomino.<\/p>\n<p>El proceso comienza en las asignaturas Emprendimiento I y II, en las que los alumnos presentan los proyectos. Luego, los llevan a la incubadora y los tutores los ayudan a desarrollar la idea. Al final, en concurso cerrado solo para alumnos de la universidad, lo presentan para optar por el derecho al patrocinio para montar la empresa.<\/p>\n<p>En 10 a\u00f1os, la incubadora de empresas ha repartido entre los estudiantes \u00a0$ 6000 millones, en concursos del Sena en el pa\u00eds. En las selecciones internas se han entregado $ 400 millones y se han formado empresas relacionadas con elaboraci\u00f3n de abono org\u00e1nico, agua endulzante y cl\u00ednica veterinaria.<\/p>\n<p>Los estudiantes mantienen como propias las empresas, si muestran rentabilidad econ\u00f3mica de les condona la deuda, no tiene que devolver nada y se les regala el dinero. De los $ 1400 millones han repartido $ 400 millones, en Pamplona. Ahora, se quiere\u00a0 que los j\u00f3venes de Villa del Rosario hagan propuestas y tengan acceso a los recursos.<\/p>\n<p>En d\u00edas pasados, se mont\u00f3 en la biblioteca p\u00fablica Julio P\u00e9rez Ferrero (C\u00facuta) la octava versi\u00f3n de la feria empresarial. \u201cLa idea es que tengan la oportunidad de exponer el proyecto\u201d, explic\u00f3 Palomino M\u00e9ndez. \u201cEs importante que el estudiante que tenga la pasi\u00f3n y le guste el emprendimiento tenga el escenario para mostrar la idea. Puede que no le vaya bien, pero ha mostrado la idea\u201d, agreg\u00f3.<\/p>\n<p>Ser emprendedor es aprender en el camino y tener la pasi\u00f3n para seguir con la idea de negocio. La convocatoria se aprovech\u00f3 para mirar qu\u00e9 ideas hay para evaluarlas, perfeccionarlas y direccionarlas para que en el futuro puedan concretarse como empresas.<\/p>\n<p>Esta es una manera de impulsar el empleo. La discusi\u00f3n, ahora, es si el alumno nace emprendedor o se hace emprendedor. \u201cEl Estado, a partir de la Ley del Emprendimiento, busca formas de generaci\u00f3n de empleo. La idea es gestionar empresa y la Universidad tiene claro este concepto y apoyamos las ideas d\u00e1ndoles herramientas a los estudiantes\u201d, anot\u00f3 el decano Luis Manuel Palomino.<\/p>\n<p>Foto: <a href=\"http:\/\/www.contraluzcucuta.co\">www.contraluzcucuta.co<\/a><\/p>\n<p>&nbsp; <\/p>\n","protected":false},"excerpt":{"rendered":"<p>C\u00daCUTA.- Los robots y las bicicletas el\u00e9ctricas salidas de mecatr\u00f3nica; las artesan\u00edas y los abonos org\u00e1nicos; los alimentos y la cerveza natural, \u00a0y otras decenas de ideas de empresas forman parte de los proyectos emprendedores salidos del aula de clase de la Universidad de Pamplona. Luis Manuel Palomino M\u00e9ndez, decano de la facultad de ciencias &hellip;<\/p>\n","protected":false},"author":1,"featured_media":22983,"comment_status":"open","ping_status":"open","sticky":false,"template":"","format":"standard","meta":{"footnotes":""},"categories":[74,32],"tags":[1847,1848,161],"class_list":["post-22982","post","type-post","status-publish","format-standard","has-post-thumbnail","hentry","category-aula-universitaria","category-recorrido-por-la-region","tag-emprendimiento","tag-feria-empresarial","tag-universidad-de-pamplona"],"_links":{"self":[{"href":"https:\/\/contraluzcucuta.co\/index.php?rest_route=\/wp\/v2\/posts\/22982","targetHints":{"allow":["GET"]}}],"collection":[{"href":"https:\/\/contraluzcucuta.co\/index.php?rest_route=\/wp\/v2\/posts"}],"about":[{"href":"https:\/\/contraluzcucuta.co\/index.php?rest_route=\/wp\/v2\/types\/post"}],"author":[{"embeddable":true,"href":"https:\/\/contraluzcucuta.co\/index.php?rest_route=\/wp\/v2\/users\/1"}],"replies":[{"embeddable":true,"href":"https:\/\/contraluzcucuta.co\/index.php?rest_route=%2Fwp%2Fv2%2Fcomments&post=22982"}],"version-history":[{"count":1,"href":"https:\/\/contraluzcucuta.co\/index.php?rest_route=\/wp\/v2\/posts\/22982\/revisions"}],"predecessor-version":[{"id":22984,"href":"https:\/\/contraluzcucuta.co\/index.php?rest_route=\/wp\/v2\/posts\/22982\/revisions\/22984"}],"wp:featuredmedia":[{"embeddable":true,"href":"https:\/\/contraluzcucuta.co\/index.php?rest_route=\/wp\/v2\/media\/22983"}],"wp:attachment":[{"href":"https:\/\/contraluzcucuta.co\/index.php?rest_route=%2Fwp%2Fv2%2Fmedia&parent=22982"}],"wp:term":[{"taxonomy":"category","embeddable":true,"href":"https:\/\/contraluzcucuta.co\/index.php?rest_route=%2Fwp%2Fv2%2Fcategories&post=22982"},{"taxonomy":"post_tag","embeddable":true,"href":"https:\/\/contraluzcucuta.co\/index.php?rest_route=%2Fwp%2Fv2%2Ftags&post=22982"}],"curies":[{"name":"wp","href":"https:\/\/api.w.org\/{rel}","templated":true}]}}