{"id":22967,"date":"2014-11-11T06:16:57","date_gmt":"2014-11-11T11:16:57","guid":{"rendered":"http:\/\/contraluzcucuta.co\/?p=22967"},"modified":"2014-11-16T17:56:03","modified_gmt":"2014-11-16T22:56:03","slug":"nueva-distincion-ciceron-florez-moya-premio-nacional-de-la-comunicacion-y-el-periodismo","status":"publish","type":"post","link":"https:\/\/contraluzcucuta.co\/?p=22967","title":{"rendered":"NUEVA DISTINCI\u00d3N. Cicer\u00f3n Fl\u00f3rez Moya: Premio Nacional de la Comunicaci\u00f3n y el Periodismo"},"content":{"rendered":"<p><strong>C\u00daCUTA.-<\/strong> El periodista Cicer\u00f3n Fl\u00f3rez Moya recibir\u00e1 el Premio Nacional de la Comunicaci\u00f3n y el Periodismo Alfonso L\u00f3pez Michelsen. El reconocimiento lo ortoga \u00a0la Sociedad Colombiana de Prensa y Medios de Comunicaci\u00f3n por ser uno de los profesionales que promueven y dignifican los medios de comunicaci\u00f3n en el pa\u00eds.<\/p>\n<p>La comunicaci\u00f3n oficial la hicieron el presidente de la Sociedad, AlfonsoL\u00f3pez Caballero, y el presidente ejecutivo, Gustavo Casasbuenas Vivas. La sexta Edici\u00f3n del Premio se entregar\u00e1 en ceremonia solemne que tendr\u00e1 lugar en el Sal\u00f3n Boyac\u00e1 del Capitolio Nacional en el Congreso de la Rep\u00fablica, el 28 de noviembre, a las 9:30 de la ma\u00f1ana.<\/p>\n<p>El reconocimiento se otorga a entidades y personas naturales que contribuyen al desarrollo y al engrandecimiento de la comunicaci\u00f3n social, las letras y el periodismo institucional, nacional e internacional.<\/p>\n<p>En a\u00f1os recientes Cicer\u00f3n Fl\u00f3rez recibi\u00f3 el Premio de Perodismo Sim\u00f3n Bol\u00edvar a la vida y obra. En C\u00facuta, la Universidad Francisco de paula Santander le entreg\u00f3 el t\u00edtulo honoris causa. Entidades p\u00fablicas y privadas lo han homenajeado por la entrega al periodismo y la defensa de los buenos valores en la prensa local.<\/p>\n<p>Cicer\u00f3n Fl\u00f3rez naci\u00f3 en Condodto (Choc\u00f3), el 28 de diciembre de 1936. Inici\u00f3 el bachillerato en Buenaventura y lo termin\u00f3 en Manizales. En Quito (Ecuador) hizo un curso especial de periodismo.<\/p>\n<p>El primer contacto con un medio escrito fue el diario El Mercurio, en Bogot\u00e1. Lleg\u00f3 a C\u00facuta, en 1957, para trabajar en el peri\u00f3dico El Mural. En 1958, pas\u00f3 a La Opini\u00f3n y desde entonces ha estado vinculado al matutino cucute\u00f1o.<\/p>\n<pre>Foto: somoslarevista\r\n<\/pre>\n","protected":false},"excerpt":{"rendered":"<p>C\u00daCUTA.- El periodista Cicer\u00f3n Fl\u00f3rez Moya recibir\u00e1 el Premio Nacional de la Comunicaci\u00f3n y el Periodismo Alfonso L\u00f3pez Michelsen. El reconocimiento lo ortoga \u00a0la Sociedad Colombiana de Prensa y Medios de Comunicaci\u00f3n por ser uno de los profesionales que promueven y dignifican los medios de comunicaci\u00f3n en el pa\u00eds. La comunicaci\u00f3n oficial la hicieron el &hellip;<\/p>\n","protected":false},"author":1,"featured_media":22968,"comment_status":"open","ping_status":"open","sticky":false,"template":"","format":"standard","meta":{"footnotes":""},"categories":[36],"tags":[228,1841],"class_list":["post-22967","post","type-post","status-publish","format-standard","has-post-thumbnail","hentry","category-la-voz-del-pueblo","tag-ciceron-florez","tag-premio-nacional-de-la-comunicacion-y-el-periodismo"],"_links":{"self":[{"href":"https:\/\/contraluzcucuta.co\/index.php?rest_route=\/wp\/v2\/posts\/22967","targetHints":{"allow":["GET"]}}],"collection":[{"href":"https:\/\/contraluzcucuta.co\/index.php?rest_route=\/wp\/v2\/posts"}],"about":[{"href":"https:\/\/contraluzcucuta.co\/index.php?rest_route=\/wp\/v2\/types\/post"}],"author":[{"embeddable":true,"href":"https:\/\/contraluzcucuta.co\/index.php?rest_route=\/wp\/v2\/users\/1"}],"replies":[{"embeddable":true,"href":"https:\/\/contraluzcucuta.co\/index.php?rest_route=%2Fwp%2Fv2%2Fcomments&post=22967"}],"version-history":[{"count":1,"href":"https:\/\/contraluzcucuta.co\/index.php?rest_route=\/wp\/v2\/posts\/22967\/revisions"}],"predecessor-version":[{"id":22969,"href":"https:\/\/contraluzcucuta.co\/index.php?rest_route=\/wp\/v2\/posts\/22967\/revisions\/22969"}],"wp:featuredmedia":[{"embeddable":true,"href":"https:\/\/contraluzcucuta.co\/index.php?rest_route=\/wp\/v2\/media\/22968"}],"wp:attachment":[{"href":"https:\/\/contraluzcucuta.co\/index.php?rest_route=%2Fwp%2Fv2%2Fmedia&parent=22967"}],"wp:term":[{"taxonomy":"category","embeddable":true,"href":"https:\/\/contraluzcucuta.co\/index.php?rest_route=%2Fwp%2Fv2%2Fcategories&post=22967"},{"taxonomy":"post_tag","embeddable":true,"href":"https:\/\/contraluzcucuta.co\/index.php?rest_route=%2Fwp%2Fv2%2Ftags&post=22967"}],"curies":[{"name":"wp","href":"https:\/\/api.w.org\/{rel}","templated":true}]}}