{"id":22964,"date":"2014-11-11T05:46:15","date_gmt":"2014-11-11T10:46:15","guid":{"rendered":"http:\/\/contraluzcucuta.co\/?p=22964"},"modified":"2014-11-16T16:31:02","modified_gmt":"2014-11-16T21:31:02","slug":"gimnasia-gracias-a-dios-es-mi-turno-jossimar-calvo","status":"publish","type":"post","link":"https:\/\/contraluzcucuta.co\/?p=22964","title":{"rendered":"GIMNASIA. \u201cGracias a Dios es mi turno\u201d: Jossimar Calvo"},"content":{"rendered":"<p><strong>BOGOT\u00c1 .-<\/strong> Emocionado, el gimnasta cucute\u00f1o Jossimar Calvo recibi\u00f3 la noticia sobre la designaci\u00f3n como abanderado de Colombia en los XXII Juegos Centroamericanos y del Caribe Veracruz 2014. La ceremonia se cumpli\u00f3 en el Sal\u00f3n Presidente del Instituto Distrital de Recreaci\u00f3n y Deporte (IDRD).<\/p>\n<p>\u201cNo esperaba ser escogido como abanderado de Colombia en Veracruz 2014. Gracias a Dios es mi turno\u201d, dijo el deportista. Este honor les ha correspondido disfrutarlo a Mariana Paj\u00f3n, Yuri Alvear, Jackeline Renter\u00eda y Joshuan Berr\u00edo, entre otros.<\/p>\n<p>Consider\u00f3 la ocasi\u00f3n como un reconocimiento a su carrera deportiva y al esfuerzo que ha hecho para construirla. \u201cQuiero que est\u00e9n seguros mis compa\u00f1eros de delegaci\u00f3n y el pa\u00eds que portar\u00e9 la bandera con especial orgullo\u201d.<\/p>\n<p>Sobre las posibilidades deportivas en los XXII Juegos Centroamericanos y del Caribe Veracruz 2014, Calvo dijo que llegar\u00e1 con mente positiva y ganadora. \u201cPor fortuna me encuentro en buen nivel y nuestro equipo tambi\u00e9n, en barra fija, paralelas, arzones y en lo individual\u201d. Dijo que hay potencial para obtener excelentes resultados en Veracruz.<\/p>\n<p>Jossimar Clavo naci\u00f3 el 22 de julio de 1994 en C\u00facuta. Desde sus comienzos, demostr\u00f3 habilidad para\u00a0 la gimnasia art\u00edstica y comenz\u00f3 a distinguirse en los campeonatos suramericanos, en las categor\u00edas infantil y juvenil. Se coron\u00f3 campe\u00f3n en la general individual, los arzones, las barras paralelas y la barra fija, su especialidad. Su entrenador es Jairo Ru\u00edz.<\/p>\n<p>Algunos logros deportivos son los siguientes:<\/p>\n<p>1.- En 2011, obtuvo medalla de plata, en los Panamericanos de Guadalajara, en individual de la modalidad de la barra fija.<\/p>\n<p>2.- En 2013, se colg\u00f3 la presea de oro en la modalidad de la barra fija, en la Copa Mundo de Gimnasia, en Eslovenia, tras obtener 14,975 unidades. Medalla de oro en los Bolivarianos de Trujillo (Per\u00fa) y Copa Mundo de Gimnasia, en Portugal.<\/p>\n<p>Finaliz\u00f3 el a\u00f1o con la distinci\u00f3n que le otorg\u00f3 el Comit\u00e9 Ol\u00edmpico Colombiano al ocupar el segundo puesto, en la categor\u00eda a Promesa del a\u00f1o, en los Premios Altius.<\/p>\n<p>3.- En 2014, se colg\u00f3 dos preseas de oro, una plata y un bronce en los Juegos Suramericanos de Santiago (Chile). Las de oro fueron, individual general y por equipos. La de plata, en barras paralelas, y la de bronce, en suelo.<\/p>\n<p>&nbsp;<\/p>\n<p>Tres medallas, dos de oro y una de plata, en el Panamericano de Canad\u00e1. Los oros los obtuvo en general individual y barra fija. Y la plata, por equipos.<\/p>\n<p>Dos medallas de oro, en la Copa Mundo de Gimnasia, en Corea del Sur, en barra fija y en barras paralelas.<\/p>\n<p>Calvo ocup\u00f3 el octavo puesto en barra fija y el d\u00e9cimo lugar en la individual general en el Campeonato Mundial de Gimnasia Art\u00edstica, en Nanjing (China). En la Copa Mundo de B\u00e9lgica, ocup\u00f3 el quinto lugar en barra fija.<\/p>\n<p>Otro \u00a0del nortesantandereano fue en La Copa Mundo Pacific Rim, en Canad\u00e1, torneo en el que se colg\u00f3 tres medallas: un oro en la prueba de salto, una plata en barra fija y un bronce en barras paralelas. <\/p>\n","protected":false},"excerpt":{"rendered":"<p>BOGOT\u00c1 .- Emocionado, el gimnasta cucute\u00f1o Jossimar Calvo recibi\u00f3 la noticia sobre la designaci\u00f3n como abanderado de Colombia en los XXII Juegos Centroamericanos y del Caribe Veracruz 2014. La ceremonia se cumpli\u00f3 en el Sal\u00f3n Presidente del Instituto Distrital de Recreaci\u00f3n y Deporte (IDRD). \u201cNo esperaba ser escogido como abanderado de Colombia en Veracruz 2014. &hellip;<\/p>\n","protected":false},"author":1,"featured_media":22965,"comment_status":"open","ping_status":"open","sticky":false,"template":"","format":"standard","meta":{"footnotes":""},"categories":[28],"tags":[1840,1605,639],"class_list":["post-22964","post","type-post","status-publish","format-standard","has-post-thumbnail","hentry","category-vistazo-deportivo","tag-centroamericanos-y-del-caribe","tag-gimnasia-de-norte-de-santander","tag-jossimar-calvo"],"_links":{"self":[{"href":"https:\/\/contraluzcucuta.co\/index.php?rest_route=\/wp\/v2\/posts\/22964","targetHints":{"allow":["GET"]}}],"collection":[{"href":"https:\/\/contraluzcucuta.co\/index.php?rest_route=\/wp\/v2\/posts"}],"about":[{"href":"https:\/\/contraluzcucuta.co\/index.php?rest_route=\/wp\/v2\/types\/post"}],"author":[{"embeddable":true,"href":"https:\/\/contraluzcucuta.co\/index.php?rest_route=\/wp\/v2\/users\/1"}],"replies":[{"embeddable":true,"href":"https:\/\/contraluzcucuta.co\/index.php?rest_route=%2Fwp%2Fv2%2Fcomments&post=22964"}],"version-history":[{"count":1,"href":"https:\/\/contraluzcucuta.co\/index.php?rest_route=\/wp\/v2\/posts\/22964\/revisions"}],"predecessor-version":[{"id":22966,"href":"https:\/\/contraluzcucuta.co\/index.php?rest_route=\/wp\/v2\/posts\/22964\/revisions\/22966"}],"wp:featuredmedia":[{"embeddable":true,"href":"https:\/\/contraluzcucuta.co\/index.php?rest_route=\/wp\/v2\/media\/22965"}],"wp:attachment":[{"href":"https:\/\/contraluzcucuta.co\/index.php?rest_route=%2Fwp%2Fv2%2Fmedia&parent=22964"}],"wp:term":[{"taxonomy":"category","embeddable":true,"href":"https:\/\/contraluzcucuta.co\/index.php?rest_route=%2Fwp%2Fv2%2Fcategories&post=22964"},{"taxonomy":"post_tag","embeddable":true,"href":"https:\/\/contraluzcucuta.co\/index.php?rest_route=%2Fwp%2Fv2%2Ftags&post=22964"}],"curies":[{"name":"wp","href":"https:\/\/api.w.org\/{rel}","templated":true}]}}