{"id":22954,"date":"2014-11-06T18:06:41","date_gmt":"2014-11-06T23:06:41","guid":{"rendered":"http:\/\/contraluzcucuta.co\/?p=22954"},"modified":"2014-11-11T22:18:34","modified_gmt":"2014-11-12T03:18:34","slug":"expogestion-cucuta-ciudad-de-oportunidades","status":"publish","type":"post","link":"https:\/\/contraluzcucuta.co\/?p=22954","title":{"rendered":"EXPOGESTI\u00d3N. C\u00facuta, ciudad de oportunidades"},"content":{"rendered":"<p><strong>C\u00daCUTA.-<\/strong> Centenares de empresarios colmaron el Centro Cristiano de Los Pinos durante la instalaci\u00f3n de Expogesti\u00f3n Frontera 2014. La plataforma servir\u00e1 para impulsar la competitividad de la regi\u00f3n y proyectar a C\u00facuta hacia los 300 a\u00f1os de fundada y como una ciudad de oportunidades.<\/p>\n<p>La directora del Centro de Liderazgo y Gesti\u00f3n, Martha Pinto de De Hart, destac\u00f3 que en la capital de Norte de Santander se percibe el orden.\u00a0 Las jornadas de Expogesti\u00f3n Frontera 2014, se extender\u00e1n hasta el 7 de noviembre. El cierre estar\u00e1 a cargo del alcalde Donamaris Ram\u00edrez, quien disertar\u00e1 sobre C\u00facuta 2033.<\/p>\n<p>La mesa principal la ocuparon \u00c9dgar D\u00edaz, gobernador de Norte de Santander; Carlos Luna, presidente de la C\u00e1mara de Comercio de C\u00facuta; Jos\u00e9 Miguel Gonz\u00e1lez, presidente ejecutivo de la C\u00e1mara de Comercio de C\u00facuta; Martha Pinto, directora del Centro de Liderazgo, y el conferenciante principal Xavier Sala I Mart\u00edn.<\/p>\n<p>Sala I Mart\u00edn se enfoc\u00f3 hacia la educaci\u00f3n, c\u00f3mo cambiarla para crear ideas y as\u00ed entender el objetivo de la innovaci\u00f3n, para no seguir la corriente en el actual sistema de crear gente homog\u00e9nea, como piezas id\u00e9nticas de una gran maquinaria.<\/p>\n<p>Reacciones<\/p>\n<p><strong>1.- Juli\u00e1n Dom\u00ednguez Rivera<\/strong><\/p>\n<p>Presidente de Confec\u00e1maras<\/p>\n<p>La presentaci\u00f3n de la ciudad no se hizo dentro de ese concepto lastimero acostumbrado, por el contrario se mostr\u00f3 que el Alcalde, est\u00e1 preparado y proyecta a C\u00facuta, a mejores horizontes, sin la tradicional dependencia de Venezuela.<\/p>\n<p><strong>2.- Ra\u00fal Colmenares<\/strong><\/p>\n<p>Gerente de Viviendas y Valores<\/p>\n<p>Me hubiera gustado escuchar al Alcalde, hablando de vivienda.<\/p>\n<p><strong>3.- Gustavo Mutis<\/strong><\/p>\n<p>Presidente del Centro de Liderazgo y Gesti\u00f3n<\/p>\n<p>Para salir de cualquier crisis se requiere un cambio de mentalidad y eso se percibe en el gobierno de C\u00facuta.\u00a0 Fue grato escuchar al Alcalde con otra mentalidad, con un cambio dr\u00e1stico que no genera dependencia de Venezuela, si no que invita a buscar otras fortalezas.<\/p>\n<p><strong>4.- Germ\u00e1n Hern\u00e1ndez<\/strong><\/p>\n<p>Empresarios del calzado<\/p>\n<p>Se uni\u00f3 al concepto que se \u00a0permiti\u00f3 ver ante el auditorio a C\u00facuta como una ciudad de posibilidades.<\/p>\n<p>&nbsp; <\/p>\n","protected":false},"excerpt":{"rendered":"<p>C\u00daCUTA.- Centenares de empresarios colmaron el Centro Cristiano de Los Pinos durante la instalaci\u00f3n de Expogesti\u00f3n Frontera 2014. La plataforma servir\u00e1 para impulsar la competitividad de la regi\u00f3n y proyectar a C\u00facuta hacia los 300 a\u00f1os de fundada y como una ciudad de oportunidades. La directora del Centro de Liderazgo y Gesti\u00f3n, Martha Pinto de &hellip;<\/p>\n","protected":false},"author":1,"featured_media":22955,"comment_status":"open","ping_status":"open","sticky":false,"template":"","format":"standard","meta":{"footnotes":""},"categories":[541,32],"tags":[304,1836,176,1744],"class_list":["post-22954","post","type-post","status-publish","format-standard","has-post-thumbnail","hentry","category-ciudad","category-recorrido-por-la-region","tag-alcalde-de-cucuta","tag-centro-cristiano-los-pinos","tag-donamaris-ramirez","tag-expogestion-frontera"],"_links":{"self":[{"href":"https:\/\/contraluzcucuta.co\/index.php?rest_route=\/wp\/v2\/posts\/22954","targetHints":{"allow":["GET"]}}],"collection":[{"href":"https:\/\/contraluzcucuta.co\/index.php?rest_route=\/wp\/v2\/posts"}],"about":[{"href":"https:\/\/contraluzcucuta.co\/index.php?rest_route=\/wp\/v2\/types\/post"}],"author":[{"embeddable":true,"href":"https:\/\/contraluzcucuta.co\/index.php?rest_route=\/wp\/v2\/users\/1"}],"replies":[{"embeddable":true,"href":"https:\/\/contraluzcucuta.co\/index.php?rest_route=%2Fwp%2Fv2%2Fcomments&post=22954"}],"version-history":[{"count":1,"href":"https:\/\/contraluzcucuta.co\/index.php?rest_route=\/wp\/v2\/posts\/22954\/revisions"}],"predecessor-version":[{"id":22956,"href":"https:\/\/contraluzcucuta.co\/index.php?rest_route=\/wp\/v2\/posts\/22954\/revisions\/22956"}],"wp:featuredmedia":[{"embeddable":true,"href":"https:\/\/contraluzcucuta.co\/index.php?rest_route=\/wp\/v2\/media\/22955"}],"wp:attachment":[{"href":"https:\/\/contraluzcucuta.co\/index.php?rest_route=%2Fwp%2Fv2%2Fmedia&parent=22954"}],"wp:term":[{"taxonomy":"category","embeddable":true,"href":"https:\/\/contraluzcucuta.co\/index.php?rest_route=%2Fwp%2Fv2%2Fcategories&post=22954"},{"taxonomy":"post_tag","embeddable":true,"href":"https:\/\/contraluzcucuta.co\/index.php?rest_route=%2Fwp%2Fv2%2Ftags&post=22954"}],"curies":[{"name":"wp","href":"https:\/\/api.w.org\/{rel}","templated":true}]}}