{"id":22951,"date":"2014-11-06T17:43:42","date_gmt":"2014-11-06T22:43:42","guid":{"rendered":"http:\/\/contraluzcucuta.co\/?p=22951"},"modified":"2014-11-06T17:43:42","modified_gmt":"2014-11-06T22:43:42","slug":"mimar-la-frontera-segundo-festival-internacional-de-mimos","status":"publish","type":"post","link":"https:\/\/contraluzcucuta.co\/?p=22951","title":{"rendered":"MIMAR LA FRONTERA. Segundo Festival Internacional de Mimos"},"content":{"rendered":"<p><strong>C\u00daCUTA.-<\/strong> Mimos recorrer\u00e1n cinco municipios de Norte de Santander, en desarrollo del segundo festival \u2018Mimar la frontera\u2019. Las presentaciones comenzaron este jueves y se extender\u00e1n hasta el \u00a09 de noviembre.<\/p>\n<p>Ni\u00f1os y adultos de la regi\u00f3n disfrutar\u00e1n con los actos de mimos, circo y artes gestuales. La organizaci\u00f3n est\u00e1 a cargo de la Corporaci\u00f3n Arte y Cultura, con el respaldo de la Secretar\u00eda de Cultura.<\/p>\n<p>Luis Carlos Clavijo, l\u00edder de la actividad, manifest\u00f3 que las presentaciones se cumplir\u00e1n en Oca\u00f1a, C\u00e1cota, Chin\u00e1cota, Pamplona y C\u00facuta.<\/p>\n<p>La programaci\u00f3n del Festival es la siguiente:<\/p>\n<p><strong>6 de noviembre <\/strong><\/p>\n<p>Inauguraci\u00f3n Parque de los Ni\u00f1os (C\u00facuta)<\/p>\n<p>Tip Clop. Teatro La Playa.<\/p>\n<p><strong>7 de noviembre <\/strong><\/p>\n<p>Las Malage\u00f1as. Teatro La Playa, 7:30 de la noche<\/p>\n<p>Tip Clop. Chin\u00e1cota, 7:30 de la noche<\/p>\n<p>Triciclos negros. Puente de Guadua \u2013 (El Malec\u00f3n C\u00facuta), 7:30 de la noche<\/p>\n<p><strong>8 de noviembre<\/strong><\/p>\n<p>Las Malage\u00f1as. Teatro Zulima, 7:30 de la noche<\/p>\n<p>Taller de clown. Teatro La Playa, de 4:00 a 7:00 de la noche<\/p>\n<p>Taller de clown. Oca\u00f1a, 3:00 de la tarde<\/p>\n<p>Triciclos negros. Centro Comercial River Plaza (C\u00facuta), 5:00 de la tarde<\/p>\n<p><strong>9 de noviembre<\/strong><\/p>\n<p>Clausura. Teatro Las Cascadas, 9:00 de la ma\u00f1ana.<\/p>\n<p>&nbsp;<\/p>\n<p>&nbsp; <\/p>\n","protected":false},"excerpt":{"rendered":"<p>C\u00daCUTA.- Mimos recorrer\u00e1n cinco municipios de Norte de Santander, en desarrollo del segundo festival \u2018Mimar la frontera\u2019. Las presentaciones comenzaron este jueves y se extender\u00e1n hasta el \u00a09 de noviembre. Ni\u00f1os y adultos de la regi\u00f3n disfrutar\u00e1n con los actos de mimos, circo y artes gestuales. La organizaci\u00f3n est\u00e1 a cargo de la Corporaci\u00f3n Arte &hellip;<\/p>\n","protected":false},"author":1,"featured_media":22952,"comment_status":"open","ping_status":"open","sticky":false,"template":"","format":"standard","meta":{"footnotes":""},"categories":[4,37],"tags":[1833,1834,1835],"class_list":["post-22951","post","type-post","status-publish","format-standard","has-post-thumbnail","hentry","category-barra","category-paseo-cultural","tag-festival-internacional-de-mimos","tag-mimar-la-frontera","tag-secretaria-de-cultura"],"_links":{"self":[{"href":"https:\/\/contraluzcucuta.co\/index.php?rest_route=\/wp\/v2\/posts\/22951","targetHints":{"allow":["GET"]}}],"collection":[{"href":"https:\/\/contraluzcucuta.co\/index.php?rest_route=\/wp\/v2\/posts"}],"about":[{"href":"https:\/\/contraluzcucuta.co\/index.php?rest_route=\/wp\/v2\/types\/post"}],"author":[{"embeddable":true,"href":"https:\/\/contraluzcucuta.co\/index.php?rest_route=\/wp\/v2\/users\/1"}],"replies":[{"embeddable":true,"href":"https:\/\/contraluzcucuta.co\/index.php?rest_route=%2Fwp%2Fv2%2Fcomments&post=22951"}],"version-history":[{"count":1,"href":"https:\/\/contraluzcucuta.co\/index.php?rest_route=\/wp\/v2\/posts\/22951\/revisions"}],"predecessor-version":[{"id":22953,"href":"https:\/\/contraluzcucuta.co\/index.php?rest_route=\/wp\/v2\/posts\/22951\/revisions\/22953"}],"wp:featuredmedia":[{"embeddable":true,"href":"https:\/\/contraluzcucuta.co\/index.php?rest_route=\/wp\/v2\/media\/22952"}],"wp:attachment":[{"href":"https:\/\/contraluzcucuta.co\/index.php?rest_route=%2Fwp%2Fv2%2Fmedia&parent=22951"}],"wp:term":[{"taxonomy":"category","embeddable":true,"href":"https:\/\/contraluzcucuta.co\/index.php?rest_route=%2Fwp%2Fv2%2Fcategories&post=22951"},{"taxonomy":"post_tag","embeddable":true,"href":"https:\/\/contraluzcucuta.co\/index.php?rest_route=%2Fwp%2Fv2%2Ftags&post=22951"}],"curies":[{"name":"wp","href":"https:\/\/api.w.org\/{rel}","templated":true}]}}