{"id":22934,"date":"2014-11-03T07:01:43","date_gmt":"2014-11-03T12:01:43","guid":{"rendered":"http:\/\/contraluzcucuta.co\/?p=22934"},"modified":"2014-11-06T17:48:05","modified_gmt":"2014-11-06T22:48:05","slug":"alcaldables-seria-el-mejor-alcalde-para-cucuta-jorge-acevedo","status":"publish","type":"post","link":"https:\/\/contraluzcucuta.co\/?p=22934","title":{"rendered":"ALCALDABLES. \u201cSer\u00eda el mejor alcalde para C\u00facuta\u201d: JORGE ACEVEDO"},"content":{"rendered":"<p><strong>C\u00daCUTA.-<\/strong> Mientras el mundo estaba entusiasmado con los Juegos Ol\u00edmpicos de Montreal (Canad\u00e1 \u2013 1976), en los que 92 pa\u00edses compet\u00edan en 21 deportes, en C\u00facuta, la frontera m\u00e1s din\u00e1mica de Colombia, Carlos Arturo Acevedo y Alicia Elvira Pe\u00f1alosa esperaban con ansias el nacimiento del segundo hijo, Jorge Enrique.<\/p>\n<p>El muchacho creci\u00f3 y recibi\u00f3 total apoyo de los padres. Decidi\u00f3 estudiar ingenier\u00eda industrial al ver que algunos familiares eran profesionales, estaban bien estructurados y econ\u00f3micamente estables. Pens\u00f3 ser como ellos, aunque no era el \u00fanico motivo. Las empresas y las industrias lo apasionan.<\/p>\n<p>Se caracteriza por ser anal\u00edtico. No permanece estancado en un punto fijo, sino que va m\u00e1s all\u00e1 de los par\u00e1metros establecidos para encontrar la manera de conseguir nuevas oportunidades. El objetivo fundamental es buscar beneficio para la sociedad, sin caer en los extremos, porque \u201cson perjudiciales\u201d.<\/p>\n<p>En el 2002, en el a\u00f1o que en\u00a0<a href=\"http:\/\/es.wikipedia.org\/wiki\/Colombia\">Colombia<\/a> la excandidata presidencial\u00a0<a href=\"http:\/\/es.wikipedia.org\/wiki\/%C3%8Dngrid_Betancourt\">Ingrid Betancourt<\/a>\u00a0y la jefa de debate\u00a0<a href=\"http:\/\/es.wikipedia.org\/wiki\/Clara_Rojas\">Clara Rojas<\/a>\u00a0eran secuestradas por las\u00a0<a href=\"http:\/\/es.wikipedia.org\/wiki\/Fuerzas_Armadas_Revolucionarias_de_Colombia\">Farc<\/a>, Jorge obtuvo el t\u00edtulo de ingeniero industrial. En ese instante ingres\u00f3 a Centrales El\u00e9ctricas de Norte de Santander.<\/p>\n<p>\u201cEn el momento en que comenc\u00e9 a laborar en esa empresa tom\u00e9 m\u00e1s conciencia de la situaci\u00f3n de la ciudad. Cortaba la luz sin piedad, porque a la larga ese era mi trabajo. Me di cuenta de que los que no pagaban era porque o com\u00edan, mandaban a estudiar a los hijos o daban el dinero para la luz. En ese instante entend\u00ed lo bueno que ser\u00eda para la pol\u00edtica\u201d.<\/p>\n<p>Cre\u00f3 la fundaci\u00f3n \u2018C\u00facuta sin hambre\u2019, encargada de adoptar familias para darles mercados y se vincul\u00f3 al eje comunitario convirti\u00e9ndose en trabajador social para el pueblo. La alcaldesa Mar\u00eda Eugenia Riascos (2008 \u2013 2011) lo nombr\u00f3 director de la oficina de Desarrollo Social Municipal.<\/p>\n<p>Considera que cada d\u00eda es una oportunidad para adquirir conocimientos, aunque en ocasiones el tiempo juega en contra. Ama los libros; sin embargo, es poco lo que lee. \u201cEsta es una de mis fallas, porque debo crear un h\u00e1bito de lectura m\u00e1s seguido\u201d. \u00a0\u2018El arte de la guerra\u2019 y \u2018El precioso don del servicio\u2019 son algunas de las obras que estudia para buscarles soluciones a los problemas de la ciudad, en especial a los de los indigentes y los homosexuales.<\/p>\n<p>En el\u00a0 2008, Jorge Acevedo, como miembro de la Fundaci\u00f3n Centro de Pensamiento Primero Colombia (FCPPC), que tiene como objetivo difundir y defender el legado doctrinario de la obra de \u00c1lvaro Uribe V\u00e9lez (2002-2010),\u00a0 viaj\u00f3 a Washington para apoyar al entonces presidente en una investigaci\u00f3n en su contra. Le bastaron 30 segundos para entablar di\u00e1logo con el mandatario. Lapso suficiente\u00a0 para hablar de varios temas y le pregunt\u00f3 sobre C\u00facuta y c\u00f3mo iba el trabajo con la alcaldesa Mar\u00eda Eugenia Riascos.<\/p>\n<p>En ese a\u00f1o, inici\u00f3 la carrera pol\u00edtica con apoyo de la gente. A pesar de contar con ese respaldo, no se dej\u00f3 llevar por la ilusi\u00f3n, porque siempre est\u00e1 con los pies sobre la tierra para no estrellarse.<\/p>\n<p>En las elecciones del 2011, aspir\u00f3 a la Alcald\u00eda de C\u00facuta por el movimiento Alianza Social Independiente y no alcanz\u00f3 el favor popular en las urnas. Prob\u00f3\u00a0 de nuevo suerte y se present\u00f3 para la C\u00e1mara de Representantes, en el 2014, respaldado por el Centro Democr\u00e1tico. Tampoco despert\u00f3 inter\u00e9s entre los nortesantandereanos. Lo alegr\u00f3 el n\u00famero de votantes que lo respaldaron (20.000), motivo que lo empuja para esforzarse cada d\u00eda m\u00e1s para alcanzar las metas pol\u00edticas.<\/p>\n<p>\u201cRecuerdo una vez que estaba en la invasi\u00f3n Sim\u00f3n Bol\u00edvar, en la campa\u00f1a para la Alcald\u00eda. Hab\u00eda 100 personas en la reuni\u00f3n y corri\u00f3 el rumor que Donamaris Ram\u00edrez, en ese tiempo mi rival, estar\u00eda al otro lado de la cancha. Cuando lleg\u00f3, solo quedaron cuatro ciudadanos. Esto pas\u00f3 por el formulario de las 20.000 casas que repart\u00eda y que todos quer\u00edan obtener. Incluso, mi escolta ten\u00eda esa hoja. Claro, conozco la diferencia entre amistad y pol\u00edtica\u201d. Hay personas malas que se vuelven buenas y viceversa. Esto tambi\u00e9n ocurre con los pol\u00edticos. Un ni\u00f1o pudo ser el peor estudiante en el colegio y en la universidad es de los mejores. No es el individuo, sino lo estructurado que est\u00e9. Por eso se debe buscar a alguien que est\u00e9 enfocado, que sepa por d\u00f3nde va y conozca c\u00f3mo es la movida en donde se desenvuelve.<\/p>\n<p>Desde el hogar fue educado para ser ciudadano de bien, con principios, humilde, que no se deja torcer a pesar de que en muchas ocasiones lo han tratado de corromper, sobornar o comprar. Aunque el dinero sea un factor que pone a pensar a cualquiera, a Jorge Enrique no le mueve ni el dedo me\u00f1ique. Se mantiene firme con la forma de ser y debido a eso \u201cser\u00eda el mejor Alcalde (para C\u00facuta) si lo eligieran\u201d.<\/p>\n<p>Tal vez esa forma de ser lo ha hecho ganarse \u00a0enemigos, aunque tiene claro que \u2018no es monedita de oro para caerle bien a todo el mundo\u2019. Pese a que tratar\u00e1 de serlo, no es f\u00e1cil ser amigo de todos.<\/p>\n<p><a href=\"http:\/\/es.wikipedia.org\/wiki\/Gustavo_Petro\">Gustavo Petro<\/a>\u00a0asumi\u00f3 la Alcald\u00eda de Bogot\u00e1, en el 2012. Ese a\u00f1o, Carlos Acevedo, padre de Jorge Enrique, falleci\u00f3. Cualquiera pensar\u00eda que ese hecho lo frenar\u00eda para seguir en la b\u00fasqueda de cumplir los sue\u00f1os y no fue as\u00ed. Ahora, tiene una motivaci\u00f3n mayor para cumplir los objetivos planteados. Desde el programa de televisi\u00f3n \u2018C\u00facuta de Todos\u2019, hablar\u00e1 de los proyectos y los problemas de la ciudad hasta la pr\u00f3xima elecci\u00f3n de Alcalde.<\/p>\n<p>Nunca ha pensado en irse de esta capital, porque la ama y aspira a verla desarrollada, pujante y con buena energ\u00eda, a pesar de que no sea f\u00e1cil y se requiera un plan estrat\u00e9gico para crear conciencia entre la ciudadan\u00eda.<\/p>\n<p><strong>JOHAN RAMS\u00c9S CONTRERAS <\/strong><\/p>\n<p><strong>MARTA NOHEM\u00cd BOTERO<\/strong><\/p>\n<p><strong>Estudiantes de Comunicaci\u00f3n Social<\/strong><\/p>\n<p><strong>Universidad de Pamplona<\/strong><\/p>\n<p><strong>Campus de Villa del Rosario<\/strong><\/p>\n<p><strong>Foto: <a href=\"https:\/\/www.facebook.com\/jorge.acevedopenaloza?fref=ts\">https:\/\/www.facebook.com\/jorge.acevedopenaloza?fref=ts<\/a><\/strong><\/p>\n<p><strong>\u00a0<\/strong> <\/p>\n","protected":false},"excerpt":{"rendered":"<p>C\u00daCUTA.- Mientras el mundo estaba entusiasmado con los Juegos Ol\u00edmpicos de Montreal (Canad\u00e1 \u2013 1976), en los que 92 pa\u00edses compet\u00edan en 21 deportes, en C\u00facuta, la frontera m\u00e1s din\u00e1mica de Colombia, Carlos Arturo Acevedo y Alicia Elvira Pe\u00f1alosa esperaban con ansias el nacimiento del segundo hijo, Jorge Enrique. El muchacho creci\u00f3 y recibi\u00f3 total &hellip;<\/p>\n","protected":false},"author":1,"featured_media":22935,"comment_status":"open","ping_status":"open","sticky":false,"template":"","format":"standard","meta":{"footnotes":""},"categories":[1728,403],"tags":[1689,1828],"class_list":["post-22934","post","type-post","status-publish","format-standard","has-post-thumbnail","hentry","category-alcaldables","category-efemerides","tag-alcaldables-de-cucuta","tag-jorge-enrique-acevedo"],"_links":{"self":[{"href":"https:\/\/contraluzcucuta.co\/index.php?rest_route=\/wp\/v2\/posts\/22934","targetHints":{"allow":["GET"]}}],"collection":[{"href":"https:\/\/contraluzcucuta.co\/index.php?rest_route=\/wp\/v2\/posts"}],"about":[{"href":"https:\/\/contraluzcucuta.co\/index.php?rest_route=\/wp\/v2\/types\/post"}],"author":[{"embeddable":true,"href":"https:\/\/contraluzcucuta.co\/index.php?rest_route=\/wp\/v2\/users\/1"}],"replies":[{"embeddable":true,"href":"https:\/\/contraluzcucuta.co\/index.php?rest_route=%2Fwp%2Fv2%2Fcomments&post=22934"}],"version-history":[{"count":1,"href":"https:\/\/contraluzcucuta.co\/index.php?rest_route=\/wp\/v2\/posts\/22934\/revisions"}],"predecessor-version":[{"id":22936,"href":"https:\/\/contraluzcucuta.co\/index.php?rest_route=\/wp\/v2\/posts\/22934\/revisions\/22936"}],"wp:featuredmedia":[{"embeddable":true,"href":"https:\/\/contraluzcucuta.co\/index.php?rest_route=\/wp\/v2\/media\/22935"}],"wp:attachment":[{"href":"https:\/\/contraluzcucuta.co\/index.php?rest_route=%2Fwp%2Fv2%2Fmedia&parent=22934"}],"wp:term":[{"taxonomy":"category","embeddable":true,"href":"https:\/\/contraluzcucuta.co\/index.php?rest_route=%2Fwp%2Fv2%2Fcategories&post=22934"},{"taxonomy":"post_tag","embeddable":true,"href":"https:\/\/contraluzcucuta.co\/index.php?rest_route=%2Fwp%2Fv2%2Ftags&post=22934"}],"curies":[{"name":"wp","href":"https:\/\/api.w.org\/{rel}","templated":true}]}}