{"id":22931,"date":"2014-11-03T06:35:51","date_gmt":"2014-11-03T11:35:51","guid":{"rendered":"http:\/\/contraluzcucuta.co\/?p=22931"},"modified":"2014-11-06T16:11:11","modified_gmt":"2014-11-06T21:11:11","slug":"notas-al-margen-la-frontera-necesita-nuevo-trato","status":"publish","type":"post","link":"https:\/\/contraluzcucuta.co\/?p=22931","title":{"rendered":"NOTAS AL MARGEN. La frontera\u00a0 necesita nuevo trato"},"content":{"rendered":"<p>1.- Lo que sucede en la frontera, por obra y gracia de una enorme cantidad de desatinos, amerita una pronta\u00a0 y radical compostura, porque de lo contrario las murallas y los socavones surgidos entre los l\u00edmites pueden afectar seriamente la interacci\u00f3n que siempre debe existir entre dos naciones hermanas, como es el caso de Colombia y Venezuela.<\/p>\n<p>Lo que ocurre en los puentes internacionales \u2013para solo aludir a lo m\u00e1s simple- es de una insensatez e ignorancia, que si no se le pone coto y por las autoridades que est\u00e1n encargadas de velar por el tr\u00e1nsito de\u00a0 personas y veh\u00edculos as\u00ed como por los controles aduaneros\u00a0 y de los movimientos de importaci\u00f3n y exportaci\u00f3n, porque la pugnacidad y la ausencia de un trato elemental\u00a0 y cort\u00e9s puede llegar a situaciones calamitosas, y\u00a0 porque los \u00e1nimos est\u00e1n exacerb\u00e1ndose \u00a0a extremos de indelicadeza y\u00a0 falta de\u00a0 control.<\/p>\n<p>\u00bfY\u00a0 todo esto por qu\u00e9?\u00a0 Porque a nivel de los factores de poder no ha habido di\u00e1logo y entendimientos que son menester, cuando hay variables y cambios en la estructura\u00a0 operacional\u00a0 de los manejos p\u00fablicos y privados de una naci\u00f3n. Y, porque la gente de frontera \u2013 que es la m\u00e1s directa en recibir las alteraciones\u00a0 &#8211; no tiene la fuerza\u00a0 y la valoraci\u00f3n binacional para hacerles llegar a los centros de poder la conveniencia de unos acuerdos que establezcan par\u00e1metros de orientaci\u00f3n y gu\u00eda, como es el caso de definir los derechos de uso y hasta el cupo\u00a0 y nombres de los productos que se pueden adquirir para fines dom\u00e9sticos, sin necesidad de ser mancillados por un trato brusco o de un confinamiento por presunci\u00f3n de una gesti\u00f3n il\u00edcita de contrabando.<\/p>\n<p>2.- Si estos acercamientos no se promueven pronto y mediante la participaci\u00f3n de\u00a0 voceros y dirigentes responsables y\u00a0 amplios conocedores de lo que acontece, el extravi\u00f3 puede llegar a torpedear las bases\u00a0 de una relaci\u00f3n que tiene v\u00ednculos de la mayor importancia hist\u00f3rica. Por eso, lo que se debe hacer no es m\u00e1s que asumir la tarea de propiciar acuerdos y con un obrar inteligente.<\/p>\n<p>3.- Es tanto lo que diluimos y dejamos pasar por la indiferencia, y\u00a0 porque la frontera sigue aletargada y\u00a0 no ha asumido el liderazgo que le corresponde, para defender y sustentar las argumentaciones tutelares, que hasta se registra el olvido de lo que somos y de las pautas y trazos que se dieron en el Congreso de 1821, en la Villa del Rosario, porque en las inmediaciones de la zona del tamarindo y en las de los l\u00edmites, por la m\u00e1s improductiva soberbia y desd\u00e9n no hacemos nada en\u00a0 la b\u00fasqueda de las acciones de mutua ayuda y soporte, que son la esencia y vida de la frontera. Si como frontera lo que hacemos es levantar barricadas y no buscar la eliminaci\u00f3n de trabas y\u00a0 erradas conductas nos enterramos vivos. Por eso, adem\u00e1s del convencimiento de un sano\u00a0 obrar, que debe nacer de nosotros, hombres y mujeres de frontera deben comprender que son los \u00fanicos que pueden sacar adelante estos valles y monta\u00f1as, que ans\u00edan progreso, industrializaci\u00f3n, servicios y desarrollo, para bien de todos. Por eso, es exigente una trasformaci\u00f3n y un nuevo giro, junto al logro de\u00a0 una\u00a0 acertada descentralizaci\u00f3n administrativa y una buena representatividad en el manejo de lo regional y fronterizo. Esto debiera ser el reto y\u00a0 la tarea compartida\u00a0 entre todos.<\/p>\n<p><strong>JOS\u00c9 NEIRA REY<\/strong><\/p>\n<p><a href=\"mailto:jneirarey@outlook.com\">jneirarey@outlook.com<\/a><\/p>\n<p>FOTO:\u00a0<a class=\"_ZR irc_hol\" style=\"color: #d6d6d6;\" href=\"https:\/\/www.google.com.co\/url?sa=i&amp;rct=j&amp;q=&amp;esrc=s&amp;source=images&amp;cd=&amp;cad=rja&amp;uact=8&amp;ved=0CAYQjB0&amp;url=http%3A%2F%2Fnoticiaaldia.com%2F2014%2F08%2Ftodos-los-detalles-del-cierre-de-la-frontera-con-colombo-venezolana-infografia%2F&amp;ei=-WdXVNOfF8WoNv-mgJgN&amp;bvm=bv.78677474,d.eXY&amp;psig=AFQjCNF9ZTBCVBTeBckJogzkkfYfR_t7Cw&amp;ust=1415100748696853\" data-ved=\"0CAYQjB0\" data-href=\"http:\/\/noticiaaldia.com\/2014\/08\/todos-los-detalles-del-cierre-de-la-frontera-con-colombo-venezolana-infografia\/\"><span class=\"irc_ho\" dir=\"ltr\" style=\"color: #d6d6d6;\">noticiaaldia.com<\/span><\/a> <\/p>\n","protected":false},"excerpt":{"rendered":"<p>1.- Lo que sucede en la frontera, por obra y gracia de una enorme cantidad de desatinos, amerita una pronta\u00a0 y radical compostura, porque de lo contrario las murallas y los socavones surgidos entre los l\u00edmites pueden afectar seriamente la interacci\u00f3n que siempre debe existir entre dos naciones hermanas, como es el caso de Colombia &hellip;<\/p>\n","protected":false},"author":1,"featured_media":22932,"comment_status":"open","ping_status":"open","sticky":false,"template":"","format":"standard","meta":{"footnotes":""},"categories":[14,6],"tags":[1569,303,1827,893],"class_list":["post-22931","post","type-post","status-publish","format-standard","has-post-thumbnail","hentry","category-articulistas","category-ojo-avizor","tag-cierre-de-frontera-colombo-venezolana","tag-jose-neira-rey","tag-notais-al-margen","tag-puentes-internacionales"],"_links":{"self":[{"href":"https:\/\/contraluzcucuta.co\/index.php?rest_route=\/wp\/v2\/posts\/22931","targetHints":{"allow":["GET"]}}],"collection":[{"href":"https:\/\/contraluzcucuta.co\/index.php?rest_route=\/wp\/v2\/posts"}],"about":[{"href":"https:\/\/contraluzcucuta.co\/index.php?rest_route=\/wp\/v2\/types\/post"}],"author":[{"embeddable":true,"href":"https:\/\/contraluzcucuta.co\/index.php?rest_route=\/wp\/v2\/users\/1"}],"replies":[{"embeddable":true,"href":"https:\/\/contraluzcucuta.co\/index.php?rest_route=%2Fwp%2Fv2%2Fcomments&post=22931"}],"version-history":[{"count":1,"href":"https:\/\/contraluzcucuta.co\/index.php?rest_route=\/wp\/v2\/posts\/22931\/revisions"}],"predecessor-version":[{"id":22933,"href":"https:\/\/contraluzcucuta.co\/index.php?rest_route=\/wp\/v2\/posts\/22931\/revisions\/22933"}],"wp:featuredmedia":[{"embeddable":true,"href":"https:\/\/contraluzcucuta.co\/index.php?rest_route=\/wp\/v2\/media\/22932"}],"wp:attachment":[{"href":"https:\/\/contraluzcucuta.co\/index.php?rest_route=%2Fwp%2Fv2%2Fmedia&parent=22931"}],"wp:term":[{"taxonomy":"category","embeddable":true,"href":"https:\/\/contraluzcucuta.co\/index.php?rest_route=%2Fwp%2Fv2%2Fcategories&post=22931"},{"taxonomy":"post_tag","embeddable":true,"href":"https:\/\/contraluzcucuta.co\/index.php?rest_route=%2Fwp%2Fv2%2Ftags&post=22931"}],"curies":[{"name":"wp","href":"https:\/\/api.w.org\/{rel}","templated":true}]}}