{"id":22925,"date":"2014-10-30T22:55:24","date_gmt":"2014-10-31T03:55:24","guid":{"rendered":"http:\/\/contraluzcucuta.co\/?p=22925"},"modified":"2014-11-03T08:35:56","modified_gmt":"2014-11-03T13:35:56","slug":"parque-cucuta-300-anos-los-cucutenos-echaron-el-primer-vistazo-a-la-obra","status":"publish","type":"post","link":"https:\/\/contraluzcucuta.co\/?p=22925","title":{"rendered":"PARQUE C\u00daCUTA 300 A\u00d1OS. Los cucute\u00f1os echaron el primer vistazo a la obra"},"content":{"rendered":"<p><strong>C\u00daCUTA.-<\/strong> Los cucute\u00f1os han podido visualizar la dimensi\u00f3n del Parque C\u00facuta 300 A\u00f1os, al quitarse el cerramiento. La obra avanza en el 95 por ciento de ejecuci\u00f3n y la imagen proyectada es cambio de la ciudad. Del hueco que por mucho tiempo caus\u00f3 molestias a los vecinos de las calles 8 y 9 entre avenidas primera y 2, se pas\u00f3 a una vista diferente.<\/p>\n<p>El parque contar\u00e1 con chorros de diferentes presiones, luces, arcos vaporizadores con agua y sistema hidr\u00e1ulico que le dar\u00e1 un aire fresco. Se han incluido fuentes interactivas de agua para que los cucute\u00f1os se apropien del espacio. Ser\u00e1n 53 chorros a 15 metros y 3 t\u00faneles con 20 chorros cada uno.<\/p>\n<p>\u201cEste ser\u00e1 un parque para que en los d\u00edas de calor cucute\u00f1o, los ciudadanos est\u00e9n ac\u00e1, se sienten en las bancas, vean y se metan al agua\u201d, \u00a0dijo el alcalde Donamaris Ram\u00edrez. El lugar de diversi\u00f3n contar\u00e1 con parqueadero en la parte de abajo, que dar\u00e1 soluci\u00f3n a la ocupaci\u00f3n del espacio p\u00fablico en el centro de la ciudad y el estadio General Santander.<\/p>\n<p>Se proyecta que la calle 8 desde la Avenida Cero, hasta la avenida 3, en el Parque Nacional, sea peatonal y empedrada. Los visitantes podr\u00e1n disfrutar el nuevo atractivo tur\u00edstico de la ciudad.<\/p>\n<p>En los \u00faltimos d\u00edas se hicieron recomendaciones en cuanto al entorno:<\/p>\n<p>1.- En la parte que da a la calle 9 cuando los carros salieran del estacionamiento ocasionar\u00edan atascos. Ahora, los carros saldr\u00e1n paralelos a la calle 9<\/p>\n<p>2.- No podr\u00e1n entrar a la calle 9 sino que tomar\u00e1n la avenida primera para evitar congesti\u00f3n<\/p>\n<p>3.- A mitad de cuadra de la calle 9 con avenida primera estar\u00e1n el gran jard\u00edn y el bosque verde<\/p>\n<p>4.- Habr\u00e1 juegos biosaludables.<\/p>\n<p>En un mes, m\u00e1ximo, se entregar\u00e1 la obra que tuvo una inversi\u00f3n total con el redise\u00f1o \u00a0$ 8200 millones. El trabajo de envergadura ser\u00e1 para el disfrute de los cucute\u00f1os.<\/p>\n<p>En el 2033, cada chorro y estructura hidr\u00e1ulica tendr\u00e1n un significado especial. El parque contar\u00e1 con centro de tertulia, el parque biosaludable, y 250 parqueaderos para veh\u00edculos y m\u00e1s de 400 para motocicletas. Zonas verdes, caminos peatonales y amueblamiento urbano har\u00e1n parte de esta obra.<\/p>\n<p>El parque C\u00facuta 300 a\u00f1os deja en el olvido el hueco que por largos a\u00f1os se concentr\u00f3 en el centro de la ciudad. Tiene un \u00e1rea de 16.000 metros cuadrados, de los cuales 6000 metros cuadrados estar\u00e1n destinados para el parque y los 10.000 metros cuadrados restantes ser\u00e1n para zonas verdes y parqueaderos.<\/p>\n<p>Alrededor de las calles del parque se adelanta el proceso de bacheo. En Navidad ser\u00e1 otro atractivo tur\u00edstico en la capital de Norte de Santander. La Polic\u00eda garantizar\u00e1 la seguridad en el entorno. \u201cEs un compromiso con los cucute\u00f1os\u201d, dijo el Alcalde. Los primeros meses la administraci\u00f3n municipal se encargar\u00e1 del mantenimiento.<\/p>\n<p>El parque C\u00facuta 300 a\u00f1os se suma a la modernizaci\u00f3n del centro de la ciudad, con el centro comercial a Cielo Abierto. Las obras buscan cambiarle la cara a la zona c\u00e9ntrica y preparar a C\u00facuta para los 300 a\u00f1os de la fundaci\u00f3n.<\/p>\n<p>Foto: www.contraluzcucuta.co <\/p>\n","protected":false},"excerpt":{"rendered":"<p>C\u00daCUTA.- Los cucute\u00f1os han podido visualizar la dimensi\u00f3n del Parque C\u00facuta 300 A\u00f1os, al quitarse el cerramiento. La obra avanza en el 95 por ciento de ejecuci\u00f3n y la imagen proyectada es cambio de la ciudad. Del hueco que por mucho tiempo caus\u00f3 molestias a los vecinos de las calles 8 y 9 entre avenidas &hellip;<\/p>\n","protected":false},"author":1,"featured_media":22926,"comment_status":"open","ping_status":"open","sticky":false,"template":"","format":"standard","meta":{"footnotes":""},"categories":[541,6],"tags":[466,1824],"class_list":["post-22925","post","type-post","status-publish","format-standard","has-post-thumbnail","hentry","category-ciudad","category-ojo-avizor","tag-hueco-bavaria","tag-parque-cucuta-300-anos-alcaldia-de-cucuta"],"_links":{"self":[{"href":"https:\/\/contraluzcucuta.co\/index.php?rest_route=\/wp\/v2\/posts\/22925","targetHints":{"allow":["GET"]}}],"collection":[{"href":"https:\/\/contraluzcucuta.co\/index.php?rest_route=\/wp\/v2\/posts"}],"about":[{"href":"https:\/\/contraluzcucuta.co\/index.php?rest_route=\/wp\/v2\/types\/post"}],"author":[{"embeddable":true,"href":"https:\/\/contraluzcucuta.co\/index.php?rest_route=\/wp\/v2\/users\/1"}],"replies":[{"embeddable":true,"href":"https:\/\/contraluzcucuta.co\/index.php?rest_route=%2Fwp%2Fv2%2Fcomments&post=22925"}],"version-history":[{"count":1,"href":"https:\/\/contraluzcucuta.co\/index.php?rest_route=\/wp\/v2\/posts\/22925\/revisions"}],"predecessor-version":[{"id":22927,"href":"https:\/\/contraluzcucuta.co\/index.php?rest_route=\/wp\/v2\/posts\/22925\/revisions\/22927"}],"wp:featuredmedia":[{"embeddable":true,"href":"https:\/\/contraluzcucuta.co\/index.php?rest_route=\/wp\/v2\/media\/22926"}],"wp:attachment":[{"href":"https:\/\/contraluzcucuta.co\/index.php?rest_route=%2Fwp%2Fv2%2Fmedia&parent=22925"}],"wp:term":[{"taxonomy":"category","embeddable":true,"href":"https:\/\/contraluzcucuta.co\/index.php?rest_route=%2Fwp%2Fv2%2Fcategories&post=22925"},{"taxonomy":"post_tag","embeddable":true,"href":"https:\/\/contraluzcucuta.co\/index.php?rest_route=%2Fwp%2Fv2%2Ftags&post=22925"}],"curies":[{"name":"wp","href":"https:\/\/api.w.org\/{rel}","templated":true}]}}