{"id":22922,"date":"2014-10-30T22:21:18","date_gmt":"2014-10-31T03:21:18","guid":{"rendered":"http:\/\/contraluzcucuta.co\/?p=22922"},"modified":"2014-11-03T07:25:12","modified_gmt":"2014-11-03T12:25:12","slug":"gramalote-el-reasentamiento-no-se-cumplira-en-las-fechas-fijadas","status":"publish","type":"post","link":"https:\/\/contraluzcucuta.co\/?p=22922","title":{"rendered":"GRAMALOTE. El reasentamiento no se cumplir\u00e1 en las fechas fijadas"},"content":{"rendered":"<p><strong>C\u00daCUTA.-<\/strong> El reasentamiento de Gramalote no se cumplir\u00e1 en los tiempos estipulados. En diciembre de 2015, no estar\u00e1 listo el nuevo casco urbano del municipio destruido por la naturaleza en el 2010. Las conclusiones las conoci\u00f3 de primera mano el procurador Alejandro Ord\u00f3\u00f1ez en la reciente visita a C\u00facuta.<\/p>\n<p>Las dificultades presentadas en dise\u00f1os,\u00a0 contratos y procesos licitatorios fueron estudiadas en la cuarta Mesa de Trabajo de Acompa\u00f1amiento a los Gobiernos Locales. El an\u00e1lisis estuvo liderado por la Procuradur\u00eda General de la Naci\u00f3n. La reuni\u00f3n se cumpli\u00f3 en la Casa del General Santander (Villa del Rosario).<\/p>\n<p>El procurador Ord\u00f3\u00f1ez visit\u00f3 \u00a0las Mesas en las que estaban repartidas las 17 instituciones del orden nacional. El trabajo buscaba establecer las estrategias que den soluci\u00f3n a los problemas de ejecuci\u00f3n de programas, planes y proyectos municipales y regionales.<\/p>\n<p>Uno de los grupos revis\u00f3 las dificultades \u00a0que han ocasionado el atraso para la puesta en marcha de las obras en el nuevo Gramalote. El gobernador Edgar D\u00edaz pidi\u00f3 informar con claridad a la comunidad qu\u00e9 porcentaje de los trabajos ser\u00e1 el que se entregar\u00e1 en diciembre del 2015.<\/p>\n<p>A la fecha no existe una ejecuci\u00f3n real o material \u00a0para la construcci\u00f3n del nuevo municipio. S\u00f3lo se han adquirido los predios mas no se han iniciado las obras. La Procuradur\u00eda, por medio de una matriz de seguimiento, ponderar\u00e1 el proceso hasta terminar en la entrega de los trabajos de urbanismo, vivienda, salud, v\u00edas y educaci\u00f3n.<\/p>\n<p>Los avances est\u00e1n cifrados en el inicio del proceso licitatorio, por parte de la Gobernaci\u00f3n, para la construcci\u00f3n del acueducto y alcantarillado. En los pr\u00f3ximos d\u00edas se conocer\u00e1 a qui\u00e9n fue adjudicado, previo an\u00e1lisis de las propuestas presentadas hasta el 8 octubre.<\/p>\n<p>Ord\u00f3\u00f1ez se comprometi\u00f3 a comunicarse con la ministra de Educaci\u00f3n, Gina Parody, para acordar una reuni\u00f3n con el objetivo de acelerar la entrega del proyecto que define las especificaciones t\u00e9cnicas y de puesta en funcionamiento del centro educativo.<\/p>\n<p>Alfredo Mart\u00ednez, representante del Fondo Adaptaci\u00f3n, dijo que en diciembre del 2015 se inaugurar\u00e1 el municipio con 400 viviendas, la alcald\u00eda, el hospital, el colegio, la plaza de mercado y el parque central. Las obras tienen una inversi\u00f3n de $ 76.000 millones.<\/p>\n<p>La jornada de acompa\u00f1amiento de la Procuradur\u00eda a los gobiernos locales\u00a0 cont\u00f3 con la participaci\u00f3n de Carlos Augusto Mesa D\u00edaz, procurador delegado para las entidades territoriales; Gloria Luc\u00eda Escalante, directora ejecutiva de la Federaci\u00f3n de Departamentos; Gilberto Toro Giraldo, director ejecutivo de la Federaci\u00f3n de Municipios; Juan Carlos Bautista, procurador regional, y Alfonso Luis Su\u00e1rez, procurador provincial de C\u00facuta.<\/p>\n<p>Entre los alcaldes destacaron Donamaris Ram\u00edrez (C\u00facuta), Jes\u00fas Antonio S\u00e1nchez (Oca\u00f1a), Celina Rubio Ram\u00edrez (San Cayetano), Jorge Mario Arenas (El Tarra), Judid Marcela Ballesteros (Convenci\u00f3n) y Carlos Bustos (Pamplona).<\/p>\n<p>&nbsp;<\/p>\n<p>&nbsp;<\/p>\n<p>&nbsp;<\/p>\n<p>&nbsp; <\/p>\n","protected":false},"excerpt":{"rendered":"<p>C\u00daCUTA.- El reasentamiento de Gramalote no se cumplir\u00e1 en los tiempos estipulados. En diciembre de 2015, no estar\u00e1 listo el nuevo casco urbano del municipio destruido por la naturaleza en el 2010. Las conclusiones las conoci\u00f3 de primera mano el procurador Alejandro Ord\u00f3\u00f1ez en la reciente visita a C\u00facuta. Las dificultades presentadas en dise\u00f1os,\u00a0 contratos &hellip;<\/p>\n","protected":false},"author":1,"featured_media":22923,"comment_status":"open","ping_status":"open","sticky":false,"template":"","format":"standard","meta":{"footnotes":""},"categories":[556,32],"tags":[13,153,402],"class_list":["post-22922","post","type-post","status-publish","format-standard","has-post-thumbnail","hentry","category-departamento","category-recorrido-por-la-region","tag-gramalote","tag-nuevo-gramalote","tag-procurador-alejandro-ordonez"],"_links":{"self":[{"href":"https:\/\/contraluzcucuta.co\/index.php?rest_route=\/wp\/v2\/posts\/22922","targetHints":{"allow":["GET"]}}],"collection":[{"href":"https:\/\/contraluzcucuta.co\/index.php?rest_route=\/wp\/v2\/posts"}],"about":[{"href":"https:\/\/contraluzcucuta.co\/index.php?rest_route=\/wp\/v2\/types\/post"}],"author":[{"embeddable":true,"href":"https:\/\/contraluzcucuta.co\/index.php?rest_route=\/wp\/v2\/users\/1"}],"replies":[{"embeddable":true,"href":"https:\/\/contraluzcucuta.co\/index.php?rest_route=%2Fwp%2Fv2%2Fcomments&post=22922"}],"version-history":[{"count":1,"href":"https:\/\/contraluzcucuta.co\/index.php?rest_route=\/wp\/v2\/posts\/22922\/revisions"}],"predecessor-version":[{"id":22924,"href":"https:\/\/contraluzcucuta.co\/index.php?rest_route=\/wp\/v2\/posts\/22922\/revisions\/22924"}],"wp:featuredmedia":[{"embeddable":true,"href":"https:\/\/contraluzcucuta.co\/index.php?rest_route=\/wp\/v2\/media\/22923"}],"wp:attachment":[{"href":"https:\/\/contraluzcucuta.co\/index.php?rest_route=%2Fwp%2Fv2%2Fmedia&parent=22922"}],"wp:term":[{"taxonomy":"category","embeddable":true,"href":"https:\/\/contraluzcucuta.co\/index.php?rest_route=%2Fwp%2Fv2%2Fcategories&post=22922"},{"taxonomy":"post_tag","embeddable":true,"href":"https:\/\/contraluzcucuta.co\/index.php?rest_route=%2Fwp%2Fv2%2Ftags&post=22922"}],"curies":[{"name":"wp","href":"https:\/\/api.w.org\/{rel}","templated":true}]}}