{"id":22913,"date":"2014-10-30T15:46:32","date_gmt":"2014-10-30T20:46:32","guid":{"rendered":"http:\/\/contraluzcucuta.co\/?p=22913"},"modified":"2014-10-30T15:46:32","modified_gmt":"2014-10-30T20:46:32","slug":"tira-comica-super-graco-y-super-poli-combaten-a-matoneo-y-bullina","status":"publish","type":"post","link":"https:\/\/contraluzcucuta.co\/?p=22913","title":{"rendered":"TIRA C\u00d3MICA. \u2018S\u00faper Graco\u2019 y \u2018S\u00faper Poli\u2019 combaten a \u00b4Matoneo\u2019 y \u2018Bullina\u2019\u00a0"},"content":{"rendered":"<p><strong>C\u00daCUTA.-<\/strong> \u2018S\u00faper Graco\u2019 y \u2018S\u00faper Poli\u2019, con disfraces coloridos y diversos dise\u00f1os, llegaron a C\u00facuta para proteger a los estudiantes de escuelas y colegios contra el ataque de los villanos \u2018Matoneo\u2019 y \u2018Bullina\u2019. Los s\u00faper h\u00e9roes\u00a0 los acompa\u00f1ar\u00e1n durante la celebraci\u00f3n del D\u00eda de los Ni\u00f1os, este 31 de octubre.<\/p>\n<p>La Polic\u00eda Metropolitana ha puesto en escena la tira c\u00f3mica para prevenir a la poblaci\u00f3n estudiantil sobre los riesgos a los que se expone en esta fecha del a\u00f1o. Las visitas se cumplen en diferentes planteles educativos y parques de la ciudad.<\/p>\n<p>Los superh\u00e9roes recomiendan gozar este d\u00eda sin tener conductas agresivas al pedir dulces, exhibir los disfraces y participar en las actividades programadas en centros comerciales y El Malec\u00f3n. A cambio, invitan a vivir una fiesta de integraci\u00f3n, de compartir entre amiguitos, vecinos, compa\u00f1eros de clases y n\u00facleos familiares.<\/p>\n<p>\u2018S\u00faper Poli\u2019 y \u2018S\u00faper Graco\u2019 expulsan de los centros educativos y n\u00facleos sociales a \u2018Matoneo\u2019 y \u2018 Bullina\u2019. Los villanos representan las conductas reprochables en la sociedad, \u2018bulliyn\u2019 y \u2018matoneo\u2019.<\/p>\n<p>La lucha entre \u2018buenos y malos\u2019, representada en la tira c\u00f3mica, es distribuida entre ni\u00f1os y adolescentes. En un lenguaje infantil conocen a profundidad las consecuencias de las conductas agresivas para el desarrollo social, convivencia en las aulas de clases y grupos de amigos. El objetivo es que sepan identificarlas y rechazarlas.<\/p>\n<p>La Polic\u00eda Metropolitana acompa\u00f1ar\u00e1 a la comunidad en la celebraci\u00f3n. Ha dispuesto un dispositivo especial con la participaci\u00f3n de 500 uniformados. Los agentes har\u00e1n presencia en los sitios concurridos de cada uno de los seis municipios del \u00c1rea Metropolitana.<\/p>\n<p>La Mecuc hizo las siguientes recomendaciones:<\/p>\n<p>1.- Los disfraces deben tener una identificaci\u00f3n particular que permita diferenciarlos.<\/p>\n<p>2.- Portar una etiqueta con nombre, tel\u00e9fono y direcci\u00f3n para ubicar a los padres en caso que se extrav\u00eden.<\/p>\n<p>3.- Que sean atuendos que tengan buena visualizaci\u00f3n, movilidad y respiraci\u00f3n<\/p>\n<p>4.- Evitar situaciones de accidentes que pueden resultar fatales.<\/p>\n<p>5.- Desechar las golosinas que no est\u00e9n con la envoltura sellada y en buen estado, que no tengan fecha de fabricaci\u00f3n y vencimiento, la empresa fabricante y otras caracter\u00edsticas que los conviertan en art\u00edculos de dudosa procedencia.<\/p>\n<p>6.- Evitar que los ni\u00f1os jueguen con f\u00f3sforos, encendedores y velas, porque los disfraces son de materiales inflamables.<\/p>\n<p>7.- Evitar que los ni\u00f1os permanezcan hasta altas horas de la noche y mucho menos solos,\u00a0 as\u00ed sea en el barrio donde residen.<\/p>\n<p>8.- En caso de perder contacto con el acompa\u00f1ante orientar a los ni\u00f1os a que acudan al polic\u00eda m\u00e1s cercano.<\/p>\n<p>Foto: POLIC\u00cdA METROPOLITANA DE C\u00daCUTA <\/p>\n","protected":false},"excerpt":{"rendered":"<p>C\u00daCUTA.- \u2018S\u00faper Graco\u2019 y \u2018S\u00faper Poli\u2019, con disfraces coloridos y diversos dise\u00f1os, llegaron a C\u00facuta para proteger a los estudiantes de escuelas y colegios contra el ataque de los villanos \u2018Matoneo\u2019 y \u2018Bullina\u2019. Los s\u00faper h\u00e9roes\u00a0 los acompa\u00f1ar\u00e1n durante la celebraci\u00f3n del D\u00eda de los Ni\u00f1os, este 31 de octubre. La Polic\u00eda Metropolitana ha puesto &hellip;<\/p>\n","protected":false},"author":1,"featured_media":22914,"comment_status":"open","ping_status":"open","sticky":false,"template":"","format":"standard","meta":{"footnotes":""},"categories":[11,4],"tags":[323,293,1820,1821,1819],"class_list":["post-22913","post","type-post","status-publish","format-standard","has-post-thumbnail","hentry","category-cronica-roja","category-barra","tag-mecuc","tag-policia-metropolitana-de-cucuta","tag-super-graco","tag-super-poli","tag-tira-comica-de-la-mecuc"],"_links":{"self":[{"href":"https:\/\/contraluzcucuta.co\/index.php?rest_route=\/wp\/v2\/posts\/22913","targetHints":{"allow":["GET"]}}],"collection":[{"href":"https:\/\/contraluzcucuta.co\/index.php?rest_route=\/wp\/v2\/posts"}],"about":[{"href":"https:\/\/contraluzcucuta.co\/index.php?rest_route=\/wp\/v2\/types\/post"}],"author":[{"embeddable":true,"href":"https:\/\/contraluzcucuta.co\/index.php?rest_route=\/wp\/v2\/users\/1"}],"replies":[{"embeddable":true,"href":"https:\/\/contraluzcucuta.co\/index.php?rest_route=%2Fwp%2Fv2%2Fcomments&post=22913"}],"version-history":[{"count":1,"href":"https:\/\/contraluzcucuta.co\/index.php?rest_route=\/wp\/v2\/posts\/22913\/revisions"}],"predecessor-version":[{"id":22915,"href":"https:\/\/contraluzcucuta.co\/index.php?rest_route=\/wp\/v2\/posts\/22913\/revisions\/22915"}],"wp:featuredmedia":[{"embeddable":true,"href":"https:\/\/contraluzcucuta.co\/index.php?rest_route=\/wp\/v2\/media\/22914"}],"wp:attachment":[{"href":"https:\/\/contraluzcucuta.co\/index.php?rest_route=%2Fwp%2Fv2%2Fmedia&parent=22913"}],"wp:term":[{"taxonomy":"category","embeddable":true,"href":"https:\/\/contraluzcucuta.co\/index.php?rest_route=%2Fwp%2Fv2%2Fcategories&post=22913"},{"taxonomy":"post_tag","embeddable":true,"href":"https:\/\/contraluzcucuta.co\/index.php?rest_route=%2Fwp%2Fv2%2Ftags&post=22913"}],"curies":[{"name":"wp","href":"https:\/\/api.w.org\/{rel}","templated":true}]}}