{"id":22910,"date":"2014-10-27T22:12:53","date_gmt":"2014-10-28T03:12:53","guid":{"rendered":"http:\/\/contraluzcucuta.co\/?p=22910"},"modified":"2014-10-27T22:12:53","modified_gmt":"2014-10-28T03:12:53","slug":"embalse-el-cinera-no-hay-estudios-ni-disenos-definitivos","status":"publish","type":"post","link":"https:\/\/contraluzcucuta.co\/?p=22910","title":{"rendered":"EMBALSE EL C\u00cdNERA. No hay estudios ni dise\u00f1os definitivos"},"content":{"rendered":"<p><strong>C\u00daCUTA.-<\/strong> A pesar de la importancia estrat\u00e9gica para la regi\u00f3n y del consenso que existe por parte de gremios y autoridades Departamentales sobre el embalse multiprop\u00f3sito El C\u00ednera, este proyecto no es claro. A la fecha, pese a ser una obra anhelada hace muchos a\u00f1os, no cuenta con estudios y dise\u00f1os definitivos que certifiquen la viabilidad para la construcci\u00f3n.<\/p>\n<p>Esa es una de las conclusiones a las que lleg\u00f3 el Comit\u00e9 Pro-C\u00ednera, creado por el gobernador Edgar D\u00edaz para estudiar el tema. El grupo de trabajo \u00a0se reuni\u00f3 por segunda vez, con asistencia de representantes gremiales, acad\u00e9micos y veedores ciudadanos.<\/p>\n<p>Al pr\u00f3ximo encuentro se llevar\u00e1n y analizar\u00e1n\u00a0 los estudios sobre el embalse. Se invitar\u00e1 a\u00a0 representantes de las\u00a0 empresas Hidrochina y EPM\u00a0 que han mostrado inter\u00e9s\u00a0 por la iniciativa\u00a0 regional.<\/p>\n<p>El secretario de Agua Potable y Saneamiento B\u00e1sico de Norte de Santander, Jairo Mendoza, expres\u00f3 que \u201cdebemos celebrar que hoy logramos encontrar un canon de concertaci\u00f3n para desarrollar lo que debe ser a la fecha una reformulaci\u00f3n del proyecto C\u00ednera\u201d.<\/p>\n<p>Se deben desarrollar las discusiones de orden t\u00e9cnico, acompa\u00f1adas de la Universidad Francisco de Paula Santander, para que sea un prop\u00f3sito serio, sustentable y sostenible en el tiempo, respaldado y argumentado para que no haya especulaciones y para decirles a los nortesantandereanos lo que debe ser el embalse.<\/p>\n<p>El ingeniero civil Gustavo Carrillo, PhD en Hidrolog\u00eda y docente de la UFPS, dijo que el centro de educaci\u00f3n superior asumir\u00e1 el reto de revisar los estudios que hay sobre el embalse para emitir un juicio sobre la mejor opci\u00f3n.<\/p>\n<p>La firma que adelante los estudios y los dise\u00f1os para la obra deber\u00e1 revisar los antecedentes y actualizarlos.<\/p>\n<p>Aunque el asunto vital del Comit\u00e9 es el embalse C\u00ednera, se volvi\u00f3 a hablar del Acueducto Metropolitano. El gobierno departamental manifest\u00f3 que la construcci\u00f3n es inaplazable.<\/p>\n<p>La directora de Proyectos Especiales del Viceministerio de Aguas,\u00a0 Leydi Arenas, dijo que es imposible reversar la puesta en marcha del acueducto para aprovechar los recursos en el C\u00ednera. El presupuesto nacional, de $ 120 millones, s\u00f3lo se trasladar\u00eda a proyectos aprobados que cumplan los requisitos dispuesto por la ley, cosa que no sucede con el C\u00ednera.<\/p>\n<p>Desde el punto de vista ingenieril las dos obras son complementarias. El acueducto metropolitano, cuya inversi\u00f3n asciende a los $ 336.000 millones, se encuentra en la etapa de dise\u00f1os e ingenier\u00eda b\u00e1sica y conceptual. La construcci\u00f3n f\u00edsica est\u00e1 prevista para empezar\u00a0 en marzo y se entregar\u00e1 en el 2018.<\/p>\n<p>Las cuencas de los r\u00edos Zulia, Pamplonita, T\u00e1chira y la quebrada La Honda surtir\u00e1n de agua potable durante los pr\u00f3ximos 40 a\u00f1os\u00a0 a la capital de Norte de Santander.<\/p>\n<p>&nbsp; <\/p>\n","protected":false},"excerpt":{"rendered":"<p>C\u00daCUTA.- A pesar de la importancia estrat\u00e9gica para la regi\u00f3n y del consenso que existe por parte de gremios y autoridades Departamentales sobre el embalse multiprop\u00f3sito El C\u00ednera, este proyecto no es claro. A la fecha, pese a ser una obra anhelada hace muchos a\u00f1os, no cuenta con estudios y dise\u00f1os definitivos que certifiquen la &hellip;<\/p>\n","protected":false},"author":1,"featured_media":22911,"comment_status":"open","ping_status":"open","sticky":false,"template":"","format":"standard","meta":{"footnotes":""},"categories":[4,347,32],"tags":[1358,1818],"class_list":["post-22910","post","type-post","status-publish","format-standard","has-post-thumbnail","hentry","category-barra","category-medio-ambiente","category-recorrido-por-la-region","tag-acueducto-metropolitano","tag-embalse-el-cinera"],"_links":{"self":[{"href":"https:\/\/contraluzcucuta.co\/index.php?rest_route=\/wp\/v2\/posts\/22910","targetHints":{"allow":["GET"]}}],"collection":[{"href":"https:\/\/contraluzcucuta.co\/index.php?rest_route=\/wp\/v2\/posts"}],"about":[{"href":"https:\/\/contraluzcucuta.co\/index.php?rest_route=\/wp\/v2\/types\/post"}],"author":[{"embeddable":true,"href":"https:\/\/contraluzcucuta.co\/index.php?rest_route=\/wp\/v2\/users\/1"}],"replies":[{"embeddable":true,"href":"https:\/\/contraluzcucuta.co\/index.php?rest_route=%2Fwp%2Fv2%2Fcomments&post=22910"}],"version-history":[{"count":1,"href":"https:\/\/contraluzcucuta.co\/index.php?rest_route=\/wp\/v2\/posts\/22910\/revisions"}],"predecessor-version":[{"id":22912,"href":"https:\/\/contraluzcucuta.co\/index.php?rest_route=\/wp\/v2\/posts\/22910\/revisions\/22912"}],"wp:featuredmedia":[{"embeddable":true,"href":"https:\/\/contraluzcucuta.co\/index.php?rest_route=\/wp\/v2\/media\/22911"}],"wp:attachment":[{"href":"https:\/\/contraluzcucuta.co\/index.php?rest_route=%2Fwp%2Fv2%2Fmedia&parent=22910"}],"wp:term":[{"taxonomy":"category","embeddable":true,"href":"https:\/\/contraluzcucuta.co\/index.php?rest_route=%2Fwp%2Fv2%2Fcategories&post=22910"},{"taxonomy":"post_tag","embeddable":true,"href":"https:\/\/contraluzcucuta.co\/index.php?rest_route=%2Fwp%2Fv2%2Ftags&post=22910"}],"curies":[{"name":"wp","href":"https:\/\/api.w.org\/{rel}","templated":true}]}}